{"id":72694,"date":"2018-10-23T13:46:04","date_gmt":"2018-10-23T13:46:04","guid":{"rendered":"http:\/\/plazajuarez.mx\/index\/index.php\/2018\/10\/23\/inicio-la-demolicion-de-los-locales-que-se-incendiaron-el-fin-de-semana\/"},"modified":"2018-10-23T13:46:04","modified_gmt":"2018-10-23T13:46:04","slug":"inicio-la-demolicion-de-los-locales-que-se-incendiaron-el-fin-de-semana","status":"publish","type":"post","link":"https:\/\/plazajuarez.mx\/historico\/inicio-la-demolicion-de-los-locales-que-se-incendiaron-el-fin-de-semana\/","title":{"rendered":"Inici\u00f3 la demolici\u00f3n de los locales que se incendiaron el fin de semana"},"content":{"rendered":"<p>Zimap\u00e1n<br \/>\u00a0\u00a0 \u00a0\u2022\u00a0\u00a0 \u00a0La demolici\u00f3n de los locales comerciales y su reconstrucci\u00f3n, ir\u00e1 acorde a la armon\u00eda de las construcciones y ser\u00e1 parte del programa de Pueblos M\u00e1gicos\u2028<\/p>\n<p>  <!--more-->  <\/p>\n<p>El gobierno municipal, comenz\u00f3 con la demolici\u00f3n de los locales siniestrados el fin de semana por un incendio. A trav\u00e9s de la oficina de prensa, se inform\u00f3, que la demolici\u00f3n corresponde a una cuesti\u00f3n relacionada a la mejora. <br \/>Es parte del embellecimiento del Centro Hist\u00f3rico, en ese sentido, se incluye tambi\u00e9n al mercado municipal, se van a demoler los locales comerciales y su reconstrucci\u00f3n, ir\u00e1 acorde a la armon\u00eda de las construcciones. <br \/>La reconstrucci\u00f3n del mercado, es parte del programa de Pueblos M\u00e1gicos, al cual el municipio accedi\u00f3 recientemente a trav\u00e9s de la Secretar\u00eda de Turismo del gobierno federal, donde obtuvo esta nominaci\u00f3n. <br \/>A trav\u00e9s de este programa, el municipio ser\u00e1 acreedor a diversos recursos p\u00fablicos, mediante los cuales podr\u00e1 aprovecharlos para obtener beneficios para la mejora de las condiciones de la zona urbana de la Cabecera Municipal. <br \/>El domingo en la madrugada, un incendio, generado presuntamente en un local comercial de veladoras, caus\u00f3 da\u00f1o en otros establecimientos. El siniestro, fue controlado por los bomberos del municipio. <br \/>De acuerdo al gobierno municipal, se har\u00eda una investigaci\u00f3n para determinar las causas que provocaron este accidente, sin embargo tambi\u00e9n se anunci\u00f3, que se apoyar\u00eda a los comerciantes que perdieron su patrimonio. <br \/>Ayer se anunci\u00f3 p\u00fablicamente que el alcalde, junto con personal de obras p\u00fablicas, recorrieron el lugar donde ser\u00e1n demolidos los locales y su reconstrucci\u00f3n va dentro del programa de mejora de la zona urbana, la cual est\u00e1 planeada con un objetivo, atender de mejor manera a los turistas. <br \/>Tras la denominaci\u00f3n de Pueblo M\u00e1gico, en donde se habr\u00edan de invertirse los primeros 500 millones de pesos, se mejoraran las condiciones de servicios b\u00e1sicos, caminos, asimismo la imagen de la zona urbana. <\/p>\n","protected":false},"excerpt":{"rendered":"<p>Zimap\u00e1n\u00a0\u00a0 \u00a0\u2022\u00a0\u00a0 \u00a0La demolici\u00f3n de los locales comerciales y su reconstrucci\u00f3n, ir\u00e1 acorde a la armon\u00eda de las construcciones y ser\u00e1 parte del programa de Pueblos M\u00e1gicos\u2028<\/p>\n","protected":false},"author":93,"featured_media":0,"comment_status":"open","ping_status":"open","sticky":false,"template":"","format":"standard","meta":{"footnotes":""},"categories":[40],"tags":[],"class_list":["post-72694","post","type-post","status-publish","format-standard","hentry","category-region"],"_links":{"self":[{"href":"https:\/\/plazajuarez.mx\/historico\/wp-json\/wp\/v2\/posts\/72694","targetHints":{"allow":["GET"]}}],"collection":[{"href":"https:\/\/plazajuarez.mx\/historico\/wp-json\/wp\/v2\/posts"}],"about":[{"href":"https:\/\/plazajuarez.mx\/historico\/wp-json\/wp\/v2\/types\/post"}],"author":[{"embeddable":true,"href":"https:\/\/plazajuarez.mx\/historico\/wp-json\/wp\/v2\/users\/93"}],"replies":[{"embeddable":true,"href":"https:\/\/plazajuarez.mx\/historico\/wp-json\/wp\/v2\/comments?post=72694"}],"version-history":[{"count":0,"href":"https:\/\/plazajuarez.mx\/historico\/wp-json\/wp\/v2\/posts\/72694\/revisions"}],"wp:attachment":[{"href":"https:\/\/plazajuarez.mx\/historico\/wp-json\/wp\/v2\/media?parent=72694"}],"wp:term":[{"taxonomy":"category","embeddable":true,"href":"https:\/\/plazajuarez.mx\/historico\/wp-json\/wp\/v2\/categories?post=72694"},{"taxonomy":"post_tag","embeddable":true,"href":"https:\/\/plazajuarez.mx\/historico\/wp-json\/wp\/v2\/tags?post=72694"}],"curies":[{"name":"wp","href":"https:\/\/api.w.org\/{rel}","templated":true}]}}