{"id":72687,"date":"2018-10-22T23:32:50","date_gmt":"2018-10-22T23:32:50","guid":{"rendered":"http:\/\/plazajuarez.mx\/index\/index.php\/2018\/10\/22\/mexico-no-sera-hostil-con-migrantes-asegura-navarrete-prida\/"},"modified":"2018-10-22T23:32:50","modified_gmt":"2018-10-22T23:32:50","slug":"mexico-no-sera-hostil-con-migrantes-asegura-navarrete-prida","status":"publish","type":"post","link":"https:\/\/plazajuarez.mx\/historico\/mexico-no-sera-hostil-con-migrantes-asegura-navarrete-prida\/","title":{"rendered":"&#8220;M\u00e9xico no ser\u00e1 hostil con migrantes&#8221;, asegura Navarrete Prida"},"content":{"rendered":"<p style=\"text-align: justify;\">Navarrete Prida record\u00f3 que en M\u00e9xico la migraci\u00f3n no se criminaliza, por lo que descart\u00f3 que haya deportaciones masivas de migrantes que el pasado viernes ingresaron por el pa\u00eds de manera ilegal.<\/p>\n<p>  <!--more-->  <\/p>\n<p style=\"text-align: justify;\">\u201cEl gobierno de M\u00e9xico no caer\u00e1 en exigencias de gobierno alguno que pretenda provocar una reacci\u00f3n hostil contra la caravana de migrantes\u201d, advirti\u00f3 el secretario de Gobernaci\u00f3n, Alfonso Navarrete Prida.<\/p>\n<p style=\"text-align: justify;\">&#8220;Ni vamos a caer en la presi\u00f3n de grupo de inter\u00e9s que se aprovechan de la condici\u00f3n de vulnerabilidad de los migrantes que utilizan a ni\u00f1os, mujeres y adultos mayores para presionar una llegada a Estados Unidos, que no va ocurrir, si no pasan filtros con nosotros&#8221;, dijo en conferencia de prensa.<\/p>\n<p style=\"text-align: justify;\">En el Sal\u00f3n Ju\u00e1rez de Gobernaci\u00f3n, donde el funcionario asisti\u00f3 a la presentaci\u00f3n del libro &#8220;Las Ideas Pol\u00edticas de Jos\u00e9 Mar\u00eda Morelos en la Historiograf\u00eda Mexicana del Siglo XX&#8221;, el funcionario se refiri\u00f3 al mensaje del presidente de Estados Unidos Donald Trump, en el sentido que M\u00e9xico es incapaz de detener a la caravana migrante.<\/p>\n<p style=\"text-align: justify;\">&#8220;El gobierno mexicano respeta cualquier declaraci\u00f3n que presidente alguno haga y exige respeto a sus nacionales, a sus decisiones soberanas y a las acciones que toma en el marco del cumplimiento de las leyes&#8221;, expres\u00f3.<\/p>\n<p style=\"text-align: justify;\">Navarrete Prida record\u00f3 que en M\u00e9xico la migraci\u00f3n no se criminaliza, por lo que descart\u00f3 que haya deportaciones masivas de migrantes que el pasado viernes ingresaron por el pa\u00eds de manera ilegal.<\/p>\n<p style=\"text-align: justify;\">Inform\u00f3 que seg\u00fan las cifras oficiales en este momento son de mil 128 migrantes hondure\u00f1os ha solicitado refugio en el pa\u00eds; el retorno de migrantes hondure\u00f1os que quieren regresar a su pa\u00eds es de 366; los migrantes que ingresaron a nuestro pa\u00eds de manera ilegal es un n\u00famero indeterminado, pero entre hondure\u00f1os, guatemaltecos, podr\u00edan ser 5 mil personas, pero los que participan en la caravana su n\u00famero es inferior.<\/p>\n","protected":false},"excerpt":{"rendered":"<p>Navarrete Prida record\u00f3 que en M\u00e9xico la migraci\u00f3n no se criminaliza, por lo que descart\u00f3 que haya deportaciones masivas de migrantes que el pasado viernes ingresaron por el pa\u00eds de manera ilegal.<\/p>\n","protected":false},"author":1,"featured_media":0,"comment_status":"open","ping_status":"open","sticky":false,"template":"","format":"standard","meta":{"footnotes":""},"categories":[36],"tags":[],"class_list":["post-72687","post","type-post","status-publish","format-standard","hentry","category-nacion"],"_links":{"self":[{"href":"https:\/\/plazajuarez.mx\/historico\/wp-json\/wp\/v2\/posts\/72687","targetHints":{"allow":["GET"]}}],"collection":[{"href":"https:\/\/plazajuarez.mx\/historico\/wp-json\/wp\/v2\/posts"}],"about":[{"href":"https:\/\/plazajuarez.mx\/historico\/wp-json\/wp\/v2\/types\/post"}],"author":[{"embeddable":true,"href":"https:\/\/plazajuarez.mx\/historico\/wp-json\/wp\/v2\/users\/1"}],"replies":[{"embeddable":true,"href":"https:\/\/plazajuarez.mx\/historico\/wp-json\/wp\/v2\/comments?post=72687"}],"version-history":[{"count":0,"href":"https:\/\/plazajuarez.mx\/historico\/wp-json\/wp\/v2\/posts\/72687\/revisions"}],"wp:attachment":[{"href":"https:\/\/plazajuarez.mx\/historico\/wp-json\/wp\/v2\/media?parent=72687"}],"wp:term":[{"taxonomy":"category","embeddable":true,"href":"https:\/\/plazajuarez.mx\/historico\/wp-json\/wp\/v2\/categories?post=72687"},{"taxonomy":"post_tag","embeddable":true,"href":"https:\/\/plazajuarez.mx\/historico\/wp-json\/wp\/v2\/tags?post=72687"}],"curies":[{"name":"wp","href":"https:\/\/api.w.org\/{rel}","templated":true}]}}