{"id":72686,"date":"2018-10-22T22:19:57","date_gmt":"2018-10-22T22:19:57","guid":{"rendered":"http:\/\/plazajuarez.mx\/index\/index.php\/2018\/10\/22\/epn-ordena-instalacion-inmediata-del-comite-nacional-de-emergencia\/"},"modified":"2018-10-22T22:19:57","modified_gmt":"2018-10-22T22:19:57","slug":"epn-ordena-instalacion-inmediata-del-comite-nacional-de-emergencia","status":"publish","type":"post","link":"https:\/\/plazajuarez.mx\/historico\/epn-ordena-instalacion-inmediata-del-comite-nacional-de-emergencia\/","title":{"rendered":"EPN ordena instalaci\u00f3n inmediata del Comit\u00e9 Nacional de Emergencia"},"content":{"rendered":"<p style=\"text-align: justify;\">El mandatario adelant\u00f3 que se tomar\u00e1n acciones preventivas, sobre todo de apoyo y auxilio a la poblaci\u00f3n, frente a este hurac\u00e1n categor\u00eda 5.<\/p>\n<p>  <!--more-->  <\/p>\n<p style=\"text-align: justify;\">Ante las afectaciones del hurac\u00e1n &#8220;Willa&#8221; y la tormenta &#8220;Vicente&#8221;, y su eventual impacto en territorio nacional, el presidente Enrique Pe\u00f1a Nieto orden\u00f3 la instalaci\u00f3n inmediata del Comit\u00e9 Nacional de Emergencias.<\/p>\n<p style=\"text-align: justify;\">Al participar en la 16 edici\u00f3n de &#8220;M\u00e9xico Cumbre de Negocios&#8221;, el mandatario adelant\u00f3 que se tomar\u00e1n acciones preventivas, sobre todo de apoyo y auxilio a la poblaci\u00f3n, frente a este hurac\u00e1n categor\u00eda 5.<\/p>\n<p style=\"text-align: justify;\">&#8220;El d\u00eda de hoy he dado indicaciones para la instalaci\u00f3n del Comit\u00e9 Nacional de Emergencias para que todas las autoridades del Gobierno de la Rep\u00fablica y de los estados en donde eventualmente podr\u00e1 impactar en las pr\u00f3ximas 48 horas el hurac\u00e1n ya hoy de categor\u00eda 5, &#8216;Willa&#8217;, pueda ser contenido o m\u00e1s bien puedan tomarse las medidas preventivas, sobre todo de apoyo y auxilio a la poblaci\u00f3n&#8221;, expres\u00f3.<\/p>\n<p style=\"text-align: justify;\">&#8220;Hago desde aqu\u00ed un llamado a los medios de comunicaci\u00f3n para, como lo han hecho invariablemente, puedan apoyar los alertamientos que eventualmente la autoridad est\u00e9 emitiendo para salvaguardar y resguardar a la poblaci\u00f3n civil ante el eventual impacto de este hurac\u00e1n categor\u00eda 5, que evidentemente potencia su fuerza con la tormenta tropical &#8216;Vicente&#8217;, que tambi\u00e9n corre en la regi\u00f3n del Pac\u00edfico&#8221;, se\u00f1al\u00f3.<\/p>\n<p style=\"text-align: justify;\">Precis\u00f3 que este fen\u00f3meno natural eventualmente obligar\u00e1 a las autoridades a hacer un llamado a\u00fan de mayor alertamiento, &#8220;incluso a los integrantes de esta caravana, que eventualmente puedan arriesgar la vida de los propios integrantes ante el impacto y fuerza que estos dos fen\u00f3menos naturales puedan estar registrando en las costas del Pac\u00edfico&#8221;.<\/p>\n<p style=\"text-align: justify;\">Pe\u00f1a Nieto indic\u00f3 que su gobierno estar\u00e1 atento y, a trav\u00e9s de los medios de comunicaci\u00f3n, alertar\u00e1 a la poblaci\u00f3n para que mantenga o se resguarde; &#8220;y sobre todo, quede a salvo del impacto y lo que pueda generar este fen\u00f3meno natural&#8221;.<\/p>\n","protected":false},"excerpt":{"rendered":"<p>El mandatario adelant\u00f3 que se tomar\u00e1n acciones preventivas, sobre todo de apoyo y auxilio a la poblaci\u00f3n, frente a este hurac\u00e1n categor\u00eda 5.<\/p>\n","protected":false},"author":1,"featured_media":0,"comment_status":"open","ping_status":"open","sticky":false,"template":"","format":"standard","meta":{"footnotes":""},"categories":[36],"tags":[],"class_list":["post-72686","post","type-post","status-publish","format-standard","hentry","category-nacion"],"_links":{"self":[{"href":"https:\/\/plazajuarez.mx\/historico\/wp-json\/wp\/v2\/posts\/72686","targetHints":{"allow":["GET"]}}],"collection":[{"href":"https:\/\/plazajuarez.mx\/historico\/wp-json\/wp\/v2\/posts"}],"about":[{"href":"https:\/\/plazajuarez.mx\/historico\/wp-json\/wp\/v2\/types\/post"}],"author":[{"embeddable":true,"href":"https:\/\/plazajuarez.mx\/historico\/wp-json\/wp\/v2\/users\/1"}],"replies":[{"embeddable":true,"href":"https:\/\/plazajuarez.mx\/historico\/wp-json\/wp\/v2\/comments?post=72686"}],"version-history":[{"count":0,"href":"https:\/\/plazajuarez.mx\/historico\/wp-json\/wp\/v2\/posts\/72686\/revisions"}],"wp:attachment":[{"href":"https:\/\/plazajuarez.mx\/historico\/wp-json\/wp\/v2\/media?parent=72686"}],"wp:term":[{"taxonomy":"category","embeddable":true,"href":"https:\/\/plazajuarez.mx\/historico\/wp-json\/wp\/v2\/categories?post=72686"},{"taxonomy":"post_tag","embeddable":true,"href":"https:\/\/plazajuarez.mx\/historico\/wp-json\/wp\/v2\/tags?post=72686"}],"curies":[{"name":"wp","href":"https:\/\/api.w.org\/{rel}","templated":true}]}}