{"id":72685,"date":"2018-10-22T19:34:01","date_gmt":"2018-10-22T19:34:01","guid":{"rendered":"http:\/\/plazajuarez.mx\/index\/index.php\/2018\/10\/22\/agresion-directa-balacera-en-casa-del-cardenal-afirma-amieva\/"},"modified":"2018-10-22T19:34:01","modified_gmt":"2018-10-22T19:34:01","slug":"agresion-directa-balacera-en-casa-del-cardenal-afirma-amieva","status":"publish","type":"post","link":"https:\/\/plazajuarez.mx\/historico\/agresion-directa-balacera-en-casa-del-cardenal-afirma-amieva\/","title":{"rendered":"&#8220;Agresi\u00f3n directa, balacera en casa del cardenal&#8221;, afirma Amieva"},"content":{"rendered":"<p><span style=\"font-weight: 400;\">El domingo por la tarde se registr\u00f3 una balacera en la casa del cardenal Norberto Rivera, ubicada en la colonia Florida en la alcald\u00eda de \u00c1lvaro Obreg\u00f3n; un elemento de la Polic\u00eda Bancaria Industrial muri\u00f3.<\/span><\/p>\n<p>  <!--more-->  <\/p>\n<p><span style=\"font-weight: 400;\">El jefe de Gobierno, Jos\u00e9 Ram\u00f3n Amieva, afirm\u00f3 que la balacera registrada ayer domingo en la casa del cardenal Norberto Rivera Carrera se trat\u00f3 de una agresi\u00f3n directa. &#8220;El m\u00f3vil es efectivamente una agresi\u00f3n directa&#8221;, dijo.<\/span><\/p>\n<p><span style=\"font-weight: 400;\">Indic\u00f3 que los veh\u00edculos en los que huyeron los agresores se tienen ya identificados y habr\u00edan seguido una ruta de escape hacia el Estado de M\u00e9xico o Hidalgo, por lo que se solicitar\u00e1 el apoyo de las autoridades de dichas entidades.<\/span><\/p>\n<p><span style=\"font-weight: 400;\">En entrevista en la explanada de la delegaci\u00f3n Iztacalco, el mandatario precis\u00f3 que los presuntos agresores lograron ingresar al domicilio del cardenal, aunque no &#8220;alcanzan a pasar la zona digamos del garaje, ni de entrar a las habitaciones en donde estaba el se\u00f1or cardenal&#8221;.<\/span><\/p>\n<p><span style=\"font-weight: 400;\">Dijo que ayer domingo se puso en contacto v\u00eda telef\u00f3nica con el cardenal quien le coment\u00f3 que escuch\u00f3 los disparos, adem\u00e1s solicit\u00f3 mantener bajo reserva los detalles sobre la seguridad que mantendr\u00e1 en su domicilio.<\/span><\/p>\n<p><span style=\"font-weight: 400;\">&#8220;La investigaci\u00f3n es obviamente una agresi\u00f3n directa, ellos llegaron con la intenci\u00f3n de ingresar al domicilio; fueron tres personas, hay una persona que distrae el primer guardia, lo lesiona, el primer guardia trata de repeler la agresi\u00f3n, llega el segundo guardia, al parecer genera -de estas tres personas- a uno de ellos le genera heridas&#8221;, explic\u00f3 el jefe de Gobierno.<\/span><\/p>\n<p><span style=\"font-weight: 400;\">El domingo por la tarde se registr\u00f3 una balacera en la casa del cardenal Norberto Rivera, ubicada en la colonia Florida en la alcald\u00eda de \u00c1lvaro Obreg\u00f3n; un elemento de la Polic\u00eda Bancaria Industrial muri\u00f3.<\/span><\/p>\n<p><span style=\"font-weight: 400;\">Las autoridades ubicaron este lunes a uno de los agresores, quien se encuentra herido y bajo atenci\u00f3n m\u00e9dica en el hostal de Lomas Verdes; de los otros dos se tienen sus retratos hablados.<\/span><\/p>\n","protected":false},"excerpt":{"rendered":"<p>El domingo por la tarde se registr\u00f3 una balacera en la casa del cardenal Norberto Rivera, ubicada en la colonia Florida en la alcald\u00eda de \u00c1lvaro Obreg\u00f3n; un elemento de la Polic\u00eda Bancaria Industrial muri\u00f3.<\/p>\n","protected":false},"author":6,"featured_media":0,"comment_status":"open","ping_status":"open","sticky":false,"template":"","format":"standard","meta":{"footnotes":""},"categories":[36],"tags":[],"class_list":["post-72685","post","type-post","status-publish","format-standard","hentry","category-nacion"],"_links":{"self":[{"href":"https:\/\/plazajuarez.mx\/historico\/wp-json\/wp\/v2\/posts\/72685","targetHints":{"allow":["GET"]}}],"collection":[{"href":"https:\/\/plazajuarez.mx\/historico\/wp-json\/wp\/v2\/posts"}],"about":[{"href":"https:\/\/plazajuarez.mx\/historico\/wp-json\/wp\/v2\/types\/post"}],"author":[{"embeddable":true,"href":"https:\/\/plazajuarez.mx\/historico\/wp-json\/wp\/v2\/users\/6"}],"replies":[{"embeddable":true,"href":"https:\/\/plazajuarez.mx\/historico\/wp-json\/wp\/v2\/comments?post=72685"}],"version-history":[{"count":0,"href":"https:\/\/plazajuarez.mx\/historico\/wp-json\/wp\/v2\/posts\/72685\/revisions"}],"wp:attachment":[{"href":"https:\/\/plazajuarez.mx\/historico\/wp-json\/wp\/v2\/media?parent=72685"}],"wp:term":[{"taxonomy":"category","embeddable":true,"href":"https:\/\/plazajuarez.mx\/historico\/wp-json\/wp\/v2\/categories?post=72685"},{"taxonomy":"post_tag","embeddable":true,"href":"https:\/\/plazajuarez.mx\/historico\/wp-json\/wp\/v2\/tags?post=72685"}],"curies":[{"name":"wp","href":"https:\/\/api.w.org\/{rel}","templated":true}]}}