{"id":72670,"date":"2018-10-22T16:00:27","date_gmt":"2018-10-22T16:00:27","guid":{"rendered":"http:\/\/plazajuarez.mx\/index\/index.php\/2018\/10\/22\/solicitan-destitucion-de-director-general-del-cecyteh\/"},"modified":"2018-10-22T16:00:27","modified_gmt":"2018-10-22T16:00:27","slug":"solicitan-destitucion-de-director-general-del-cecyteh","status":"publish","type":"post","link":"https:\/\/plazajuarez.mx\/historico\/solicitan-destitucion-de-director-general-del-cecyteh\/","title":{"rendered":"Solicitan destituci\u00f3n de director general del CECYTEH"},"content":{"rendered":"<p>Su manifestaci\u00f3n es pacifica y solicitan la destituci\u00f3n del Director General del CECYTEH, Sergio Arteaga Carre\u00f1o<\/p>\n<p>  <!--more-->  <\/p>\n<p><span style=\"font-weight: 400;\">La ma\u00f1ana de este lunes se encuentran se manifiestan, frente al Palacio de Gobierno, integrantes del Sindicato Unico de Trabajadores del Colegio Cient\u00edfico y Tecnol\u00f3gico del Estado de Hidalgo (SUTCECYTEH).<\/span><\/p>\n<p><span style=\"font-weight: 400;\">Refieren que su manifestaci\u00f3n es pacifica y solicitan la destituci\u00f3n del Director General del CECYTEH, Sergio Arteaga Carre\u00f1o, por acoso y hostigamiento a los integrantes de este sindicato, y la de los directores de plantel.<\/span><\/p>\n<p><span style=\"font-weight: 400;\">Cabe mencionar que se encuentran bloqueados los accesos al Palacio de Gobierno y apuntan que no se retirar\u00e1n hasta ser atendidos por las autoridades correspondientes.\u00a0<\/span><\/p>\n<p> <center><iframe loading=\"lazy\" src=\"https:\/\/www.facebook.com\/plugins\/video.php?href=https%3A%2F%2Fwww.facebook.com%2Fdiarioplazajuarez%2Fvideos%2F245182743013241%2F&#038;show_text=0&#038;width=560\" width=\"560\" height=\"308\" style=\"border:none;overflow:hidden\" scrolling=\"no\" frameborder=\"0\" allowTransparency=\"true\" allowFullScreen=\"true\"><\/iframe><\/center><\/p>\n","protected":false},"excerpt":{"rendered":"<p>Su manifestaci\u00f3n es pacifica y solicitan la destituci\u00f3n del Director General del CECYTEH, Sergio Arteaga Carre\u00f1o<\/p>\n","protected":false},"author":6,"featured_media":0,"comment_status":"open","ping_status":"open","sticky":false,"template":"","format":"standard","meta":{"footnotes":""},"categories":[59],"tags":[],"class_list":["post-72670","post","type-post","status-publish","format-standard","hentry","category-general"],"_links":{"self":[{"href":"https:\/\/plazajuarez.mx\/historico\/wp-json\/wp\/v2\/posts\/72670","targetHints":{"allow":["GET"]}}],"collection":[{"href":"https:\/\/plazajuarez.mx\/historico\/wp-json\/wp\/v2\/posts"}],"about":[{"href":"https:\/\/plazajuarez.mx\/historico\/wp-json\/wp\/v2\/types\/post"}],"author":[{"embeddable":true,"href":"https:\/\/plazajuarez.mx\/historico\/wp-json\/wp\/v2\/users\/6"}],"replies":[{"embeddable":true,"href":"https:\/\/plazajuarez.mx\/historico\/wp-json\/wp\/v2\/comments?post=72670"}],"version-history":[{"count":0,"href":"https:\/\/plazajuarez.mx\/historico\/wp-json\/wp\/v2\/posts\/72670\/revisions"}],"wp:attachment":[{"href":"https:\/\/plazajuarez.mx\/historico\/wp-json\/wp\/v2\/media?parent=72670"}],"wp:term":[{"taxonomy":"category","embeddable":true,"href":"https:\/\/plazajuarez.mx\/historico\/wp-json\/wp\/v2\/categories?post=72670"},{"taxonomy":"post_tag","embeddable":true,"href":"https:\/\/plazajuarez.mx\/historico\/wp-json\/wp\/v2\/tags?post=72670"}],"curies":[{"name":"wp","href":"https:\/\/api.w.org\/{rel}","templated":true}]}}