{"id":72665,"date":"2018-10-22T13:56:17","date_gmt":"2018-10-22T13:56:17","guid":{"rendered":"http:\/\/plazajuarez.mx\/index\/index.php\/2018\/10\/22\/el-drama-migratorio-en-casa\/"},"modified":"2018-10-22T13:56:17","modified_gmt":"2018-10-22T13:56:17","slug":"el-drama-migratorio-en-casa","status":"publish","type":"post","link":"https:\/\/plazajuarez.mx\/historico\/el-drama-migratorio-en-casa\/","title":{"rendered":"El drama migratorio en casa"},"content":{"rendered":"<p>\u00a0\u00a0\u00a0 \u2022\u00a0\u00a0 \u00a0En el mundo imperfecto en que vivimos, lo correcto es contar con procesos que regulen la migraci\u00f3n y el asilo&#8230; M\u00e9xico parece estar haciendo un trabajo decente en este rubro con la caravana centroamericana\u2028<\/p>\n<p>  <!--more-->  <\/p>\n<p>No hay nada como experimentar un drama en carne propia para entender los vericuetos de la inmigraci\u00f3n internacional. Miles de familias, mujeres embarazadas y ni\u00f1os desesperados por cruzar la frontera en busca de refugio y un futuro viable irrumpi\u00f3 la l\u00ednea divisoria entre Guatemala y M\u00e9xico. Por primera vez en la historia moderna, nuestro pa\u00eds no ve como espectador lejano esta crisis humanitaria sino como un actor que se pone a prueba en c\u00f3mo responde a la situaci\u00f3n.<\/p>\n<p>Primero hay que entender que la gran mayor\u00eda de los individuos que emigran lo hacen como \u00faltimo recurso para huir de la pobreza, la persecuci\u00f3n y la violencia. Al dejar el terru\u00f1o uno deja un pedazo del alma por una vida mejor. Migrar es el fen\u00f3meno social que ha dado sustento a la diseminaci\u00f3n de nuestra especie y que, al mismo tiempo, crea presiones y enfrentamientos por los retos que conlleva para los territorios receptores.<\/p>\n<p>Reconocer los nobles motivos que obligan a alguien a emigrar y la empat\u00eda que despiertan en gente con entra\u00f1as sanas, no elimina la tribulaci\u00f3n que estos movimientos de personas despiertan en los lugares donde transitan o se asientan. S\u00ed hay que ayudar y atender con humanidad a los que lo necesitan, pero es innegable que su presencia demanda un despliegue de recursos como seguridad, alimentaci\u00f3n, salud, vivienda y educaci\u00f3n que con frecuencia no gozan ni los habitantes locales de los sitios que toca la inmigraci\u00f3n.<\/p>\n<p>En el mundo imperfecto en que vivimos, lo correcto es contar con procesos que regulen la migraci\u00f3n y el asilo. M\u00e9xico parece estar haciendo un trabajo decente en este rubro con la caravana centroamericana. Ya que anunciaron su llegada con semanas de anticipaci\u00f3n, nuestro pa\u00eds tiene el derecho de saber qui\u00e9nes son estas personas, tener un registro de ellos y asistirlos en lo posible al tiempo que se garantiza que no representan un riesgo. No olvidemos que huyen de las pandillas que operan sin miramiento a las fronteras.<\/p>\n<p>Respetar sus derechos humanos y ofrecer una mano amiga que asista a estas almas hasta donde nuestros limitados recursos lo permitan, es la respuesta esperada de una naci\u00f3n humanista, al menos filos\u00f3ficamente, como M\u00e9xico. Pero debe ocurrir en el marco de nuestras leyes y disposiciones internacionales, lidiando con procesos burocr\u00e1ticos, no a portazos ni a pedradas. La compasi\u00f3n no se obtiene a la fuerza.<\/p>\n<p>Para mis compatriotas que rechazan recibir o ayudar a los refugiados centroamericanos les pido, paren esos sentimientos. Emigrar a un pa\u00eds es un reconocimiento intr\u00ednseco de que el lugar receptor constituye una tierra prometida. Es aceptar que tu naci\u00f3n es vista como una utop\u00eda para los menos afortunados.<br \/>Por otro lado, lo que s\u00ed es seguro es que M\u00e9xico no debe reaccionar a la caravana migrante como lo ha hecho Estados Unidos \u2014enfocado en evitar que &#8220;la peste&#8221; toque a su puerta. Parar su arribo antes de llegar a su frontera, no vaya a ser que las leyes humanistas dise\u00f1adas por gobiernos previos al ominoso personaje que ocupa hoy la Casa Blanca les otorgue alivio. Verg\u00fcenza y asco inspira que el pa\u00eds m\u00e1s poderoso y rico del mundo no muestre compasi\u00f3n y tenga temor de gente tan vulnerable.<\/p>\n<p>M\u00e9xico debe seguir actuando con apego a derecho y ayudar a los migrantes en lo posible. Y para quienes politizan este asunto y acusan a nuestro pa\u00eds de hacer el trabajo sucio a Estados Unidos les digo: cu\u00e1ndo apuntar\u00e1n el dedo flam\u00edgero a gobiernos incapaces y corruptos que como el de M\u00e9xico y otros pa\u00edses han obligado a sus ciudadanos a tomar la decisi\u00f3n radical de abandonar la tierra que aman para sobrevivir.<\/p>\n<p>Twitter: @ARLOpinion<\/p>\n","protected":false},"excerpt":{"rendered":"<p>\u00a0\u00a0\u00a0 \u2022\u00a0\u00a0 \u00a0En el mundo imperfecto en que vivimos, lo correcto es contar con procesos que regulen la migraci\u00f3n y el asilo&#8230; M\u00e9xico parece estar haciendo un trabajo decente en este rubro con la caravana centroamericana\u2028<\/p>\n","protected":false},"author":93,"featured_media":0,"comment_status":"open","ping_status":"open","sticky":false,"template":"","format":"standard","meta":{"footnotes":""},"categories":[42],"tags":[],"class_list":["post-72665","post","type-post","status-publish","format-standard","hentry","category-nuestrapalabra"],"_links":{"self":[{"href":"https:\/\/plazajuarez.mx\/historico\/wp-json\/wp\/v2\/posts\/72665","targetHints":{"allow":["GET"]}}],"collection":[{"href":"https:\/\/plazajuarez.mx\/historico\/wp-json\/wp\/v2\/posts"}],"about":[{"href":"https:\/\/plazajuarez.mx\/historico\/wp-json\/wp\/v2\/types\/post"}],"author":[{"embeddable":true,"href":"https:\/\/plazajuarez.mx\/historico\/wp-json\/wp\/v2\/users\/93"}],"replies":[{"embeddable":true,"href":"https:\/\/plazajuarez.mx\/historico\/wp-json\/wp\/v2\/comments?post=72665"}],"version-history":[{"count":0,"href":"https:\/\/plazajuarez.mx\/historico\/wp-json\/wp\/v2\/posts\/72665\/revisions"}],"wp:attachment":[{"href":"https:\/\/plazajuarez.mx\/historico\/wp-json\/wp\/v2\/media?parent=72665"}],"wp:term":[{"taxonomy":"category","embeddable":true,"href":"https:\/\/plazajuarez.mx\/historico\/wp-json\/wp\/v2\/categories?post=72665"},{"taxonomy":"post_tag","embeddable":true,"href":"https:\/\/plazajuarez.mx\/historico\/wp-json\/wp\/v2\/tags?post=72665"}],"curies":[{"name":"wp","href":"https:\/\/api.w.org\/{rel}","templated":true}]}}