{"id":72663,"date":"2018-10-22T13:55:49","date_gmt":"2018-10-22T13:55:49","guid":{"rendered":"http:\/\/plazajuarez.mx\/index\/index.php\/2018\/10\/22\/oleada\/"},"modified":"2018-10-22T13:55:49","modified_gmt":"2018-10-22T13:55:49","slug":"oleada","status":"publish","type":"post","link":"https:\/\/plazajuarez.mx\/historico\/oleada\/","title":{"rendered":"Oleada"},"content":{"rendered":"<p>Vitral Pol\u00edtico<br \/>La Caravana Migratoria ha sido una manifestaci\u00f3n del problema social de Honduras, El Salvador y Guatemala<\/p>\n<p>  <!--more-->  <\/p>\n<p>El movimiento migratorio de Centroam\u00e9rica hacia Estados Unidos, que en mucho se ha estancado en territorio mexicano, top\u00f3 con resistencia de las autoridades al Norte del R\u00edo Suchiate, lo cual marca un giro en la historia.<br \/>La Caravana Migratoria ha sido una manifestaci\u00f3n del problema social de Honduras, El Salvador y Guatemala, que ha llegado con sus voces de auxilio al Senado de la Rep\u00fablica, como aconteci\u00f3 en 2017.<br \/>Su \u00e9xito hab\u00eda sido visibilizar la condici\u00f3n de pobreza y marginaci\u00f3n en Centroam\u00e9rica, la promoci\u00f3n de un estatus migratorio para familias participantes en esa marcha, como es el refugio.<br \/>Esta oleada humana tuvo el resguardo de las autoridades mexicanas, que recordaban la libertad de tr\u00e1nsito de las personas, y se opon\u00eda a los designios de Donald Trump quien exig\u00eda a M\u00e9xico realizar el trabajo de muro de contenci\u00f3n.<br \/>Mujeres, ni\u00f1os y ancianos desnutridos fueron calificados como una amenaza a la seguridad nacional de Estados Unidos.<br \/>El episodio del a\u00f1o pasado, se repite ahora, con una escena diferente: M\u00e9xico levant\u00f3 el dique al cual se hab\u00eda opuesto, antes del Tratado M\u00e9xico, Estados Unidos, Canad\u00e1 (T-MEC), y a algunos miles se les ha impedido o s\u00f3lo complicado entrar a suelo mexicano, con un saldo deplorable: Violencia.<br \/>Los intentos de entrar a M\u00e9xico mediante acciones del tipo de un &#8220;portazo&#8221;, parecen ajenos a los hondure\u00f1os que en otros a\u00f1os han realizado el trayecto. Las autoridades de Honduras y Guatemala han actuado con posturas disuasivas, y han acusado que en la movilizaci\u00f3n hay indicios de manipulaci\u00f3n para intereses particulares.<br \/>Los hechos en la frontera Sur empataron con la agenda de actividades del secretario de Estado Michael Pompeo, quien entabl\u00f3 conversaciones con el secretario de Relaciones Exteriores, Luis Videgaray Caso y con Marcelo Ebrard Casaub\u00f3n, designado pr\u00f3ximo canciller.<br \/>Este d\u00eda, m\u00e1s de cinco mil personas \u2014a partes iguales hombres, mujeres, ni\u00f1os\u2014, se encuentran varados en lado mexicano, y requieren del apoyo solidario para la atenci\u00f3n de sus necesidades b\u00e1sicas.<br \/>Ellos, se suman a los muchos miles que padecen condiciones precarias y que han dejado su hogar en Centroam\u00e9rica, y que se adentran en el infierno que para ellos es M\u00e9xico, en busca de una esperanza.<br \/>La problem\u00e1tica de las migraciones, ha dado \u2018portazo\u2019 en su versi\u00f3n de oleada entrante, que choca con el muro mexicano, que es tambi\u00e9n embudo, en el que se coordinan los gobiernos de Donald Trump, Enrique Pe\u00f1a Nieto y el entrante de Andr\u00e9s Manuel L\u00f3pez Obrador&#8230;<br \/>VIDRIOS ROTOS.\u2014 Lo que parece ser un gasolinazo m\u00e1s, una medida que cost\u00f3 gran desgaste al PRI y a Enrique Pe\u00f1a Nieto, se presenta esta semana con errores en la aplicaci\u00f3n de esa pol\u00edtica de precios, fallas en la comunicaci\u00f3n a la sociedad.<br \/>Pe\u00f1a Nieto, presidente saliente queda ahora como pararrayos del entrante, Andr\u00e9s Manuel L\u00f3pez Obrador, cuya fuerza pol\u00edtica, Morena olvida la promesa de bajar los precios de los petrol\u00edferos.<br \/>Son los pri\u00edstas ahora, los que apoyan revertir los gasolinazos, entre ellos, los senadores Miguel \u00c1ngel Osorio Chong, Manuel A\u00f1orve, Eruviel \u00c1vila Villegas y Jorge Carlos Ram\u00edrez Mar\u00edn.<br \/>MIRADOR.\u2014 Eduardo Galeano: &#8220;La caridad es humillante, porque se ejerce verticalmente y desde arriba; la solidaridad es horizontal e implica respeto mutuo&#8221;&#8230;<\/p>\n","protected":false},"excerpt":{"rendered":"<p>Vitral Pol\u00edticoLa Caravana Migratoria ha sido una manifestaci\u00f3n del problema social de Honduras, El Salvador y Guatemala<\/p>\n","protected":false},"author":93,"featured_media":0,"comment_status":"open","ping_status":"open","sticky":false,"template":"","format":"standard","meta":{"footnotes":""},"categories":[42],"tags":[],"class_list":["post-72663","post","type-post","status-publish","format-standard","hentry","category-nuestrapalabra"],"_links":{"self":[{"href":"https:\/\/plazajuarez.mx\/historico\/wp-json\/wp\/v2\/posts\/72663","targetHints":{"allow":["GET"]}}],"collection":[{"href":"https:\/\/plazajuarez.mx\/historico\/wp-json\/wp\/v2\/posts"}],"about":[{"href":"https:\/\/plazajuarez.mx\/historico\/wp-json\/wp\/v2\/types\/post"}],"author":[{"embeddable":true,"href":"https:\/\/plazajuarez.mx\/historico\/wp-json\/wp\/v2\/users\/93"}],"replies":[{"embeddable":true,"href":"https:\/\/plazajuarez.mx\/historico\/wp-json\/wp\/v2\/comments?post=72663"}],"version-history":[{"count":0,"href":"https:\/\/plazajuarez.mx\/historico\/wp-json\/wp\/v2\/posts\/72663\/revisions"}],"wp:attachment":[{"href":"https:\/\/plazajuarez.mx\/historico\/wp-json\/wp\/v2\/media?parent=72663"}],"wp:term":[{"taxonomy":"category","embeddable":true,"href":"https:\/\/plazajuarez.mx\/historico\/wp-json\/wp\/v2\/categories?post=72663"},{"taxonomy":"post_tag","embeddable":true,"href":"https:\/\/plazajuarez.mx\/historico\/wp-json\/wp\/v2\/tags?post=72663"}],"curies":[{"name":"wp","href":"https:\/\/api.w.org\/{rel}","templated":true}]}}