{"id":72362,"date":"2018-10-17T14:05:13","date_gmt":"2018-10-17T14:05:13","guid":{"rendered":"http:\/\/plazajuarez.mx\/index\/index.php\/2018\/10\/17\/respaldo-politico-a-cipriano-charrez-es-una-decision-personal\/"},"modified":"2018-10-17T14:05:13","modified_gmt":"2018-10-17T14:05:13","slug":"respaldo-politico-a-cipriano-charrez-es-una-decision-personal","status":"publish","type":"post","link":"https:\/\/plazajuarez.mx\/historico\/respaldo-politico-a-cipriano-charrez-es-una-decision-personal\/","title":{"rendered":"\u201cRespaldo pol\u00edtico a Cipriano Charrez, es una decisi\u00f3n personal\u201d"},"content":{"rendered":"<p>\u00a0<\/p>\n<p>El presidente de Morena en Ixmiquilpan, Leonardo Mill\u00e1n Guerrero, sostuvo que el respaldo al diputado federal, Cipriano Charrez Pedraza, es una decisi\u00f3n personal de cada persona, esto luego de que varios legisladores, locales y federales, lo respaldaran en una reuni\u00f3n el fin de semana.<\/p>\n<p>  <!--more-->  <\/p>\n<p>En el encuentro de apoyo con el diputado, destac\u00f3 la presencia de la diputada local por el distrito de Ixmiquilpan, Lucero Ambrosio, as\u00ed como del expresidente de Morena en Hidalgo, Andr\u00e9s Caballero.<\/p>\n<p>Ambos personajes, manifestaron su respaldo pol\u00edtico en favor del diputado federal, a quien consideraron v\u00edctima del linchamiento medi\u00e1tico tras el accidente que viviera el seis de octubre en Ixmiquilpan, donde un joven de Alfajayucan perdi\u00f3 la vida.<\/p>\n<p>Sobre el tema, Leonardo Mill\u00e1n, dijo, que no podr\u00eda fijar una opini\u00f3n particular, porque es parte de las restricciones que tienen por parte del partido, no hablar de cuestiones personales o dar puntos de vista de compa\u00f1eros militantes.<\/p>\n<p>Dijo, que se debe primero esperar a qu\u00e9 dicen las autoridades, qu\u00e9 concluyen las investigaciones y posteriormente, entonces s\u00ed, emitir alguna opini\u00f3n, de lo contrario se mantendr\u00e1 al margen de lo que suceda en consecuencias.<\/p>\n<p>Puntualiz\u00f3, que el partido tiene \u00f3rganos internos, a trav\u00e9s de los cuales se pueden hacer las investigaciones correspondientes. Sin embargo, se neg\u00f3 a hablar del tema particular del diputado federal.<\/p>\n<p>El fin de semana, el diputado sostuvo una reuni\u00f3n con integrantes de las organizaciones a las que \u00e9l pertenece, Movimiento Social Patri\u00f3tico (MSP), asimismo del Ind\u00edgena Otom\u00ed (MIO), a trav\u00e9s de las cuales, recibi\u00f3 respaldo social por el accidente en el que estuvo involucrado.<\/p>\n<p>La semana pasada, tras los hechos, la familia de Iv\u00e1n Fuentes, el joven que muri\u00f3 en ese accidente, entregaron un documento a la Procuradur\u00eda General de Justicia del Estado de Hidalgo, en la que puntualizan, no apoyar\u00e1n las investigaciones que se llevan a cabo por la muerte de su hijo, tampoco van a proceder contra quien haya sido responsable de lo concurrido donde perdi\u00f3 la vida.<\/p>\n","protected":false},"excerpt":{"rendered":"<p>\u00a0 El presidente de Morena en Ixmiquilpan, Leonardo Mill\u00e1n Guerrero, sostuvo que el respaldo al diputado federal, Cipriano Charrez Pedraza, es una decisi\u00f3n personal de cada persona, esto luego de que varios legisladores, locales y federales, lo respaldaran en una reuni\u00f3n el fin de semana.<\/p>\n","protected":false},"author":3,"featured_media":0,"comment_status":"open","ping_status":"open","sticky":false,"template":"","format":"standard","meta":{"footnotes":""},"categories":[63],"tags":[],"class_list":["post-72362","post","type-post","status-publish","format-standard","hentry","category-las-camaras"],"_links":{"self":[{"href":"https:\/\/plazajuarez.mx\/historico\/wp-json\/wp\/v2\/posts\/72362","targetHints":{"allow":["GET"]}}],"collection":[{"href":"https:\/\/plazajuarez.mx\/historico\/wp-json\/wp\/v2\/posts"}],"about":[{"href":"https:\/\/plazajuarez.mx\/historico\/wp-json\/wp\/v2\/types\/post"}],"author":[{"embeddable":true,"href":"https:\/\/plazajuarez.mx\/historico\/wp-json\/wp\/v2\/users\/3"}],"replies":[{"embeddable":true,"href":"https:\/\/plazajuarez.mx\/historico\/wp-json\/wp\/v2\/comments?post=72362"}],"version-history":[{"count":0,"href":"https:\/\/plazajuarez.mx\/historico\/wp-json\/wp\/v2\/posts\/72362\/revisions"}],"wp:attachment":[{"href":"https:\/\/plazajuarez.mx\/historico\/wp-json\/wp\/v2\/media?parent=72362"}],"wp:term":[{"taxonomy":"category","embeddable":true,"href":"https:\/\/plazajuarez.mx\/historico\/wp-json\/wp\/v2\/categories?post=72362"},{"taxonomy":"post_tag","embeddable":true,"href":"https:\/\/plazajuarez.mx\/historico\/wp-json\/wp\/v2\/tags?post=72362"}],"curies":[{"name":"wp","href":"https:\/\/api.w.org\/{rel}","templated":true}]}}