{"id":72356,"date":"2018-10-17T14:01:32","date_gmt":"2018-10-17T14:01:32","guid":{"rendered":"http:\/\/plazajuarez.mx\/index\/index.php\/2018\/10\/17\/dolor-y-consternacion-en-el-ultimo-adios-a-salvador-mendoza-hernandez\/"},"modified":"2018-10-17T14:01:32","modified_gmt":"2018-10-17T14:01:32","slug":"dolor-y-consternacion-en-el-ultimo-adios-a-salvador-mendoza-hernandez","status":"publish","type":"post","link":"https:\/\/plazajuarez.mx\/historico\/dolor-y-consternacion-en-el-ultimo-adios-a-salvador-mendoza-hernandez\/","title":{"rendered":"Dolor y consternaci\u00f3n en el \u00faltimo adi\u00f3s  a Salvador Mendoza Hern\u00e1ndez"},"content":{"rendered":"<p>\u00a0<\/p>\n<p>Con el sonar de las sirenas, entre aplausos y l\u00e1grimas, rindieron tres sentidos homenajes a Salvador Mendoza Hern\u00e1ndez quien perdi\u00f3 la vida en cumplimiento de su deber y de quien se reconoci\u00f3 fue un hombre entregado a su labor por salvaguardar la vida de los dem\u00e1s, \u201csin importar arriesgar su propia vida, como fue el caso de que el pasado domingo por la noche acudi\u00f3 atender el servicio de una fuga de combustible derivada de una toma clandestina\u201d.<\/p>\n<p>  <!--more-->  <\/p>\n<p>\u00a0<\/p>\n<p>El cortejo f\u00fanebre de Mendoza Hern\u00e1ndez, luego de ser velado en el domicilio de sus padres, ubicado en la colonia Los Fresnos, sali\u00f3 para ser trasladado en el cami\u00f3n de bomberos para dirigirse al municipio de Atitalaquia, donde fungi\u00f3 como subdirector de Protecci\u00f3n Civil.<\/p>\n<p>\u00a0<\/p>\n<p>Ah\u00ed el gobierno municipal encabezado por la presidenta municipal Mar\u00eda Antonieta Herrera Jim\u00e9nez, a trav\u00e9s del \u00e1rea de Protecci\u00f3n Civil y Bomberos, lo despidi\u00f3 con todos los honores al reconocerlo como un h\u00e9roe, por haber entregado su vida al servicio de los dem\u00e1s.<\/p>\n<p>\u00a0<\/p>\n<p>Mar\u00eda Antonieta, antes de entregar a su esposa e hijos el lienzo del L\u00e1baro Patrio, expres\u00f3 su m\u00e1s sentido p\u00e9same a los deudos; dijo que Salvador Mendoza \u00a0fue un hombre que dedic\u00f3 su vida para salvar vidas y que se iba como un h\u00e9roe por su desempe\u00f1o, labor y compromiso, agradeci\u00f3 el que haya trasmitido a sus compa\u00f1eros sus conocimientos y recalc\u00f3 que no era un elemento improvisado.<\/p>\n<p>\u00a0<\/p>\n<p>Por su parte, a nombre de la familia del elemento ca\u00eddo, en cada uno de los tres homenajes, hizo uso de la palabra su padre, Salvador Mendoza Calder\u00f3n, quien agradeci\u00f3 las muestras de afecto y cari\u00f1o para con su hijo, de quien, con un nudo en la garganta, record\u00f3 que fue un hombre que en todos los servicios para salvar las vida de los dem\u00e1s, entreg\u00f3 su alma, coraz\u00f3n y en el \u00faltimo, hasta su propia vida.<\/p>\n<p>\u00a0<\/p>\n<p>Dijo que Salvador llevaba un gran estigma de servicio herencia de su abuelo, quien tambi\u00e9n fue socorrista, y de su dem\u00e1s familias que se ha dedicado a servir a sus semejantes.<\/p>\n<p>\u00a0<\/p>\n<p>Mendoza Calder\u00f3n pidi\u00f3 a quienes ha seguido la noble labor de pertenecer a los cuerpos de auxilio, que no dejen de capacitarse para ser excelentes en su ramo, ya que entre m\u00e1s preparaci\u00f3n tengan, tendr\u00e1n mayor seguridad de sobrevivir en cualquier contingencia.<\/p>\n<p>\u00a0<\/p>\n<p>A la sociedad les pidi\u00f3 valorar el trabajo de los bomberos y de todos los cuerpos de emergencia, ya que muchas ocasiones sin contar con las herramientas de trabajo, se enfrentan a las contingencias.<\/p>\n<p>\u00a0<\/p>\n<p>En Atitalaquia, como en Tula, los directores de Protecci\u00f3n Civil y Bomberos, Uriel Sol\u00f3rzano y Eliseo Segura, respectivamente, resaltaron el trabajo de entrega de Salvador Mendoza y quien, adem\u00e1s, se distingui\u00f3 por ser un buen hijo, esposo, hermano y amigo.<\/p>\n<p>\u00a0<\/p>\n<p>Ya en Tula, el alcalde Ismael Gadoth Tapia Ben\u00edtez, al encabezar el homenaje en la corporaci\u00f3n de Protecci\u00f3n Civil y Bomberos, tambi\u00e9n emiti\u00f3 un mensaje en el que \u00a0mencion\u00f3 que exist\u00edan sentimientos encontrados, pero que Chava fue un hombre solidario y comprometido, y que con su labor trascendi\u00f3 al haber dejado la vida misma en su labor. Dijo que la muerte de Salvador lastima a toda la poblaci\u00f3n y que el mejor homenaje es ser mejores ciudadanos para no exponer la vida de los dem\u00e1s.<\/p>\n<p>\u00a0<\/p>\n<p>En la Cruz Roja, donde sirvi\u00f3 como param\u00e9dico prehospitalario, tambi\u00e9n le rindieron merecido y consternado homenaje. Se emitieron varios mensajes, entre ellos el del presidente del patronato, Ra\u00fal Sicilia Alamilla.<\/p>\n<p>\u00a0<\/p>\n<p>Por \u00faltimo, como parte de los sentidos homenajes se recalc\u00f3: \u201cServiste con voluntad y honor y fuiste m\u00e1s all\u00e1 del deber, hasta el extremo de dar tu vida. Honor y Gloria a ti, Salvador Mendoza Hern\u00e1ndez\u201d. Se ofici\u00f3 una misa de cuerpo presente, celebrada en la Catedral de San Jos\u00e9, y despu\u00e9s fueron llevados y depositados sus restos en el pante\u00f3n de Los Olivos.<\/p>\n","protected":false},"excerpt":{"rendered":"<p>\u00a0 Con el sonar de las sirenas, entre aplausos y l\u00e1grimas, rindieron tres sentidos homenajes a Salvador Mendoza Hern\u00e1ndez quien perdi\u00f3 la vida en cumplimiento de su deber y de quien se reconoci\u00f3 fue un hombre entregado a su labor por salvaguardar la vida de los dem\u00e1s, \u201csin importar arriesgar su propia vida, como fue [&hellip;]<\/p>\n","protected":false},"author":3,"featured_media":0,"comment_status":"open","ping_status":"open","sticky":false,"template":"","format":"standard","meta":{"footnotes":""},"categories":[40],"tags":[],"class_list":["post-72356","post","type-post","status-publish","format-standard","hentry","category-region"],"_links":{"self":[{"href":"https:\/\/plazajuarez.mx\/historico\/wp-json\/wp\/v2\/posts\/72356","targetHints":{"allow":["GET"]}}],"collection":[{"href":"https:\/\/plazajuarez.mx\/historico\/wp-json\/wp\/v2\/posts"}],"about":[{"href":"https:\/\/plazajuarez.mx\/historico\/wp-json\/wp\/v2\/types\/post"}],"author":[{"embeddable":true,"href":"https:\/\/plazajuarez.mx\/historico\/wp-json\/wp\/v2\/users\/3"}],"replies":[{"embeddable":true,"href":"https:\/\/plazajuarez.mx\/historico\/wp-json\/wp\/v2\/comments?post=72356"}],"version-history":[{"count":0,"href":"https:\/\/plazajuarez.mx\/historico\/wp-json\/wp\/v2\/posts\/72356\/revisions"}],"wp:attachment":[{"href":"https:\/\/plazajuarez.mx\/historico\/wp-json\/wp\/v2\/media?parent=72356"}],"wp:term":[{"taxonomy":"category","embeddable":true,"href":"https:\/\/plazajuarez.mx\/historico\/wp-json\/wp\/v2\/categories?post=72356"},{"taxonomy":"post_tag","embeddable":true,"href":"https:\/\/plazajuarez.mx\/historico\/wp-json\/wp\/v2\/tags?post=72356"}],"curies":[{"name":"wp","href":"https:\/\/api.w.org\/{rel}","templated":true}]}}