{"id":72240,"date":"2018-10-15T10:54:49","date_gmt":"2018-10-15T10:54:49","guid":{"rendered":"http:\/\/plazajuarez.mx\/index\/index.php\/2018\/10\/15\/el-dia-de-la-raza-antes-era-un-dia-de-fiesta\/"},"modified":"2018-10-15T10:54:49","modified_gmt":"2018-10-15T10:54:49","slug":"el-dia-de-la-raza-antes-era-un-dia-de-fiesta","status":"publish","type":"post","link":"https:\/\/plazajuarez.mx\/historico\/el-dia-de-la-raza-antes-era-un-dia-de-fiesta\/","title":{"rendered":"El D\u00eda de la Raza antes era un d\u00eda de fiesta\u2028\u2028"},"content":{"rendered":"<p>Mochilazo en el tiempo<br \/>\u00a0<\/p>\n<p>  <!--more-->  <\/p>\n<p>Una de las tareas obligadas en la primaria y la secundaria, durante la primera quincena de octubre era investigar sobre el Descubrimiento de Am\u00e9rica o el D\u00eda de la Raza. Para las generaciones nacidas antes de que el internet se convirtiera en una de las principales fuentes de informaci\u00f3n, la opci\u00f3n m\u00e1s pr\u00e1ctica era acudir a la papeler\u00eda y solicitar a la persona del mostrador la monograf\u00eda del 12 de octubre, acompa\u00f1ado de la biograf\u00eda de Crist\u00f3bal Col\u00f3n.<br \/>En las monograf\u00edas se concentraba gran parte de la tarea solicitada: en la parte posterior conten\u00eda informaci\u00f3n sobre qui\u00e9n fue Crist\u00f3bal Col\u00f3n, qui\u00e9n financi\u00f3 su viaje, el transporte que utiliz\u00f3 su expedici\u00f3n, su llegada a Am\u00e9rica, c\u00f3mo comunicaron a los Reyes Cat\u00f3licos (Isabel y Fernando) de Espa\u00f1a sobre las &#8220;nuevas tierras&#8221; y como finalizaci\u00f3n de ese proceso la Conquista del continente. Al frente, hab\u00eda varias ilustraciones que ejemplificaban los t\u00f3picos ya mencionados y el n\u00famero de recuadros variaba seg\u00fan la editorial que las realizaba.<br \/>Por su parte, las biograf\u00edas eran un peque\u00f1o retrato del personaje en forma vertical y en la parte posterior ven\u00eda su historia sintetizada. Tanto las monograf\u00edas como las biograf\u00edas, protagonizaban historias cuya moraleja era la cautela: primero realizar el resumen de la informaci\u00f3n y despu\u00e9s pegar la imagen, nunca al rev\u00e9s para que no se tuviera que ir corriendo a la papeler\u00eda de nuevo.<br \/>Una celebraci\u00f3n contradictoria<br \/>El 12 de octubre fue considerado como d\u00eda festivo por siglos, tanto as\u00ed que Maximiliano de Habsburgo contempl\u00f3 un monumento a Crist\u00f3bal Col\u00f3n desde la planeaci\u00f3n del Paseo de la Reforma.<br \/>Para los pa\u00edses europeos llegar a Am\u00e9rica signific\u00f3 la expansi\u00f3n de su cultura, de su religi\u00f3n y tambi\u00e9n una \u00e9poca de enriquecimiento, gracias a los recursos naturales con los que contaba el nuevo continente, los ahora pa\u00edses de Am\u00e9rica del Norte, Centroam\u00e9rica y Sudam\u00e9rica. En la actualidad, el 12 de octubre contin\u00faa siendo el d\u00eda de la Fiesta Nacional de Espa\u00f1a.<br \/>La glorieta en honor al navegante fue inaugurada durante el gobierno de Sebasti\u00e1n Lerdo de Tejada y, de acuerdo al blog oficial de la Presidencia de la Rep\u00fablica, el Congreso de la Uni\u00f3n decret\u00f3 el 24 de septiembre de 1892 &#8220;que este d\u00eda fuera declarado fiesta nacional&#8221;.<br \/>Sin embargo, durante la Revoluci\u00f3n Mexicana se intensificaron los cuestionamientos sobre la &#8220;festividad&#8221; del 12 de octubre, por las implicaciones sociales que la conquista de Am\u00e9rica hab\u00eda dejado en el pa\u00eds.<br \/>Bajo iniciativa de Venustiano Carranza, a partir de 1917 se le denomin\u00f3 &#8220;D\u00eda de la Raza&#8221; y doce a\u00f1os m\u00e1s tarde, el antiguo mandatario Emilio Portes Gil &#8220;oficializ\u00f3 este festejo c\u00edvico y el Congreso aprob\u00f3 el 10 de octubre de 1929 que el 12 de octubre fuera fiesta nacional, denominada D\u00eda de la Raza y Aniversario del Descubrimiento de Am\u00e9rica&#8221;.<br \/>Al interior de las planas de este diario se describ\u00eda que varios pa\u00edses realizaban diversas actividades en conmemoraci\u00f3n de la llegada a Am\u00e9rica como en M\u00e9xico, Espa\u00f1a, Alemania, Italia e Inglaterra; por ejemplo el 13 de octubre de 1928 en nuestro pa\u00eds se llev\u00f3 a cabo, en la sala del teatro Arbed, una velada organizada por la Universidad Nacional de M\u00e9xico y sociedades cient\u00edficas y espa\u00f1olas que resid\u00edan en la capital mexicana, en las que se hablaba sobre diversos t\u00f3picos cient\u00edficos o culturales.<br \/>Asimismo, se comunicaba que en Sevilla, Espa\u00f1a, se estaba llevando a cabo la &#8220;Exposici\u00f3n Iberoamericana&#8221; y la &#8220;Fiesta de la Raza&#8221;, mientras que banderas de Am\u00e9rica ondeaban en el edificio del Ayuntamiento:<br \/>&#8220;Las autoridades y los c\u00f3nsules americanos depositaron coronas en el monumento de Col\u00f3n. Los marinos italianos del barco Stella di Italia, surto aqu\u00ed, tambi\u00e9n depositaron ofrendas florales. En el edificio de la Plaza Espa\u00f1a, recinto de la exposici\u00f3n, se celebr\u00f3 una fiesta literaria, asistiendo las autoridades y c\u00f3nsules americanos. Se\u00f1oritas representaron a las Rep\u00fablicas americanas. Se ley\u00f3 una poes\u00eda y el Canto a la Raza que fue premiado, del poeta Manuel G\u00f3ngora&#8221;.<br \/>Mientras tanto, en Berl\u00edn, Alemania, el diplom\u00e1tico mexicano Fern\u00e1ndez de la Regata ofreci\u00f3 un discurso al interior de la Universidad de Berl\u00edn, sosteniendo que &#8220;Alemania siempre hab\u00eda mostrado un viv\u00edsimo inter\u00e9s por las naciones iberoamericanas, y especialmente por M\u00e9xico, con el cual exist\u00eda una amistad tradicional desde la \u00e9poca de Alejandro de Humboldt, amistad que nunca se hab\u00eda perturbado&#8221;.<br \/>\u00bfPor qu\u00e9 llamarlo &#8220;D\u00eda de la Raza&#8221;?<br \/>Sobre el nombre de &#8220;D\u00eda de la Raza&#8221;, se ha popularizado la versi\u00f3n que dice que fue una iniciativa de Jos\u00e9 Vasconcelos, aludiendo a lo que \u00e9l llamaba &#8220;la Raza Iberoamericana&#8221;, una raza diversa, producto de la mezcla de varias culturas prehisp\u00e1nicas con, en el caso de M\u00e9xico, la espa\u00f1ola.<br \/>Varios pa\u00edses de Am\u00e9rica Latina han optado por hacer del 12 de octubre una fecha en la que celebren la diversidad de culturas dentro de sus naciones.<br \/>En abril de 2007, el Instituto de Investigaciones Hist\u00f3ricas de la UNAM realiz\u00f3 el Congreso Internacional: &#8220;Am\u00e9rica en la Cartograf\u00eda a 500 a\u00f1os del mapa de Mart\u00edn Waldseem\u00fcller, 1507-2007&#8221; y, de acuerdo al art\u00edculo &#8220;El descubrimiento de Am\u00e9rica en 1892 y 1992&#8221; de Mar\u00eda Teresa Guti\u00e9rrez de MacGregor:<br \/>&#8220;A diferencia de lo sucedido en los festejos efectuados en 1892, en que la figura de Col\u00f3n se describ\u00eda con benepl\u00e1cito y admiraci\u00f3n suprema, en las cinco ponencias seleccionadas (*) se discute el descubrimiento de Am\u00e9rica y la personalidad de Col\u00f3n es analizada desde sus aspectos positivos y negativos; su actuaci\u00f3n es motivo de discusi\u00f3n; por lo que podemos concluir que la notable imagen de Col\u00f3n se ha ido desfigurando ante las nuevas percepciones de la Historia&#8221;.<br \/>No existe una fecha oficial en la que se haya declarado que el 12 de octubre dejar\u00eda de ser considerado festivo, sin embargo, las celebraciones por el &#8220;Descubrimiento de Am\u00e9rica&#8221; cayeron en desuso paulatinamente, dando paso a la celebraci\u00f3n de la diversidad cultural que existe en el continente -tambi\u00e9n conocido como &#8220;D\u00eda de la Hispanidad&#8221;-. <br \/>Sin embargo, es un d\u00eda que sigue generando pol\u00e9mica: hace once a\u00f1os, El Gran Diario de M\u00e9xico informaba que las autoridades capitalinas hab\u00edan tomado como medida precautoria ante posibles manifestaciones, cubrir a la estatua de Crist\u00f3bal Col\u00f3n -ubicada en avenida Paseo de la Reforma y el cruce con Ignacio Ram\u00edrez- con un pl\u00e1stico naranja y tener a un n\u00famero significativo de elementos policiacos para proteger la glorieta.<br \/>La celebraci\u00f3n de este d\u00eda ha ca\u00eddo en desuso y desde hace a\u00f1os dej\u00f3 de ser considerado d\u00eda festivo; por lo que podr\u00eda llegar a pasar desapercibido por los habitantes del pa\u00eds.<br \/>Lo que opina la gente<br \/>La pol\u00e9mica que rodea la celebraci\u00f3n o no del 12 de octubre se centra en los procesos utilizados por los pa\u00edses europeos (principalmente Espa\u00f1a, Inglaterra y Portugal) al descubrir y conquistar esta parte del mundo.<br \/>En un peque\u00f1o sondeo que se realiz\u00f3 en la colonia Roma, el peri\u00f3dico pudo constatar diversidad de opiniones que hay al respecto:<br \/>Laura Ruiz mencion\u00f3 que no habr\u00eda nada qu\u00e9 festejar: &#8220;empezando por que no fuimos descubiertos, ya est\u00e1bamos en el mundo como todas las civilizaciones. Tampoco estar\u00eda bien que festejemos las matanzas, la explotaci\u00f3n de la tierra, ni la imposici\u00f3n religiosa, social y ling\u00fc\u00edstica&#8221;; por ello le parece de suma importancia que se reconozca y se difunda la diversidad cultural que ha existido en el pa\u00eds desde tiempos precolombinos hasta la contemporaneidad. <br \/>Por su parte, Victoria Ram\u00edrez dijo que &#8220;si la Conquista no hubiera pasado, \u00bfqu\u00e9 ser\u00eda M\u00e9xico? porque cambiar\u00eda todo lo que somos. Quiz\u00e1s muchos problemas de nuestra sociedad vengan de la Conquista como el machismo, el racismo, el llamado &#8220;malinchismo&#8221; o el clasismo, pero \u00bfc\u00f3mo podr\u00edamos asegurar que sin la Conquista ser\u00eda diferente? Al final es parte de nuestra historia y el D\u00eda de la Raza podr\u00eda ser un d\u00eda en el que busquemos cambiar todo aquello que criticamos de ese episodio hist\u00f3rico y trabajar por ser una mejor sociedad&#8221;. <br \/>Alberto Guerrero nos comparti\u00f3 que &#8220;s\u00ed se deber\u00eda de festejar o al menos conmemorar siempre fue un hecho que, nos guste o no, fue el inicio de un puente de interacciones entre dos &#8220;mundos&#8221;: desde la llegada de animales o especias que no exist\u00edan en Am\u00e9rica (parte esencial de nuestra gastronom\u00eda) hasta la religi\u00f3n que la mayor\u00eda sigue profesando. Siento que m\u00e1s que la fecha per se, debe ser lo que dej\u00f3 la uni\u00f3n entre los dos continentes&#8221;.<br \/>Debido a la variedad de enfoques con la que se percibe al 12 de octubre, en diversas ocasiones el gobierno capitalino ha optado por proteger la estatua de Crist\u00f3bal Col\u00f3n sobre Paseo de la Reforma para evitar que quienes est\u00e9n en desacuerdo con conmemorar el &#8220;Descubrimiento de Am\u00e9rica&#8221; vandalicen la escultura, que ha sido testigo de la transformaci\u00f3n de dicha avenida por m\u00e1s de cien a\u00f1os.<br \/>Nuestra fotograf\u00eda principal es de paseo de la Reforma en los a\u00f1os cuarenta del siglo pasado. Obviamente a\u00fan no se edificaban los grandes edificios que hay en esta zona. Colecci\u00f3n Villasana &#8211; Torres.<br \/>Fuentes: Archivo Hemerogr\u00e1fico EL UNIVERSAL, blog oficial de Presidencia de la Rep\u00fablica<\/p>\n","protected":false},"excerpt":{"rendered":"<p>Mochilazo en el tiempo\u00a0<\/p>\n","protected":false},"author":93,"featured_media":0,"comment_status":"open","ping_status":"open","sticky":false,"template":"","format":"standard","meta":{"footnotes":""},"categories":[42],"tags":[],"class_list":["post-72240","post","type-post","status-publish","format-standard","hentry","category-nuestrapalabra"],"_links":{"self":[{"href":"https:\/\/plazajuarez.mx\/historico\/wp-json\/wp\/v2\/posts\/72240","targetHints":{"allow":["GET"]}}],"collection":[{"href":"https:\/\/plazajuarez.mx\/historico\/wp-json\/wp\/v2\/posts"}],"about":[{"href":"https:\/\/plazajuarez.mx\/historico\/wp-json\/wp\/v2\/types\/post"}],"author":[{"embeddable":true,"href":"https:\/\/plazajuarez.mx\/historico\/wp-json\/wp\/v2\/users\/93"}],"replies":[{"embeddable":true,"href":"https:\/\/plazajuarez.mx\/historico\/wp-json\/wp\/v2\/comments?post=72240"}],"version-history":[{"count":0,"href":"https:\/\/plazajuarez.mx\/historico\/wp-json\/wp\/v2\/posts\/72240\/revisions"}],"wp:attachment":[{"href":"https:\/\/plazajuarez.mx\/historico\/wp-json\/wp\/v2\/media?parent=72240"}],"wp:term":[{"taxonomy":"category","embeddable":true,"href":"https:\/\/plazajuarez.mx\/historico\/wp-json\/wp\/v2\/categories?post=72240"},{"taxonomy":"post_tag","embeddable":true,"href":"https:\/\/plazajuarez.mx\/historico\/wp-json\/wp\/v2\/tags?post=72240"}],"curies":[{"name":"wp","href":"https:\/\/api.w.org\/{rel}","templated":true}]}}