{"id":72237,"date":"2018-10-15T10:53:55","date_gmt":"2018-10-15T10:53:55","guid":{"rendered":"http:\/\/plazajuarez.mx\/index\/index.php\/2018\/10\/15\/brasil-ante-el-abismo\/"},"modified":"2018-10-15T10:53:55","modified_gmt":"2018-10-15T10:53:55","slug":"brasil-ante-el-abismo","status":"publish","type":"post","link":"https:\/\/plazajuarez.mx\/historico\/brasil-ante-el-abismo\/","title":{"rendered":"Brasil ante el abismo"},"content":{"rendered":"<p>As\u00ed como el populismo fallido de Ch\u00e1vez-Maduro, y el de Trump en Estados Unidos, el caso de Brasil debe ser analizado cuidadosamente en el vecindario latinoamericano<br \/>\u00a0<\/p>\n<p>  <!--more-->  <\/p>\n<p>Es de alarmar la desgracia en la que ha ca\u00eddo el gigante del Sur y las consecuencias mundiales que puede acarrear de confirmarse en la votaci\u00f3n del 28 de octubre. S\u00f3lo el improbable y milagroso recurso a las urnas de los electores que a\u00fan no han sido envueltos en la degradaci\u00f3n pol\u00edtica podr\u00e1 detener el arribo al poder en Brasil de Jair Messias Bolsonaro.<br \/>Salta a la vista lo m\u00e1s obvio: esta experiencia extrema es af\u00edn a otros fen\u00f3menos, pese a las diferencias. Con Ch\u00e1vez-Maduro, Trump, Putin, Orban, Erdogan, Kaczynski, Duterte, la Liga del Norte, el Brexit, por se\u00f1alar algunos que se han hecho del poder y otros que acechan en Alemania, Austria, Suecia, Holanda, Francia y otras partes del mundo. En cada caso se hab\u00eda llegado a la falsa convicci\u00f3n de que la democracia liberal hab\u00eda llegado para quedarse. En unos pa\u00edses porque la democracia era s\u00f3lida y en varios casos centenaria, en otros porque hab\u00edan dejado atr\u00e1s modalidades de autoritarismo o totalitarismo y adoptado instituciones democr\u00e1ticas con amplio consenso popular.<br \/>Los gobiernos de Lula (2003-2011) y Dilma Rousseff (2011-2016) provocaron la reacci\u00f3n adversa de amplias franjas de las clases medias y altas debido, principalmente, a sus pol\u00edticas distributivas. El efecto de las pol\u00edticas para combatir la pobreza y la desigualdad fue contundente. El Coeficiente de Gini baj\u00f3 siete puntos entre 1993 y 2015. Hacia 2004 el Banco Mundial hab\u00eda informado que Brasil, con la mayor poblaci\u00f3n de Am\u00e9rica Latina (209 millones), era el pa\u00eds puntero de la desigualdad en la regi\u00f3n. Once a\u00f1os despu\u00e9s, el mismo Banco anunciaba que la pobreza hab\u00eda disminuido: 25 millones de personas salieron de la pobreza extrema o moderada. Adem\u00e1s, mejoraron considerablemente el crecimiento, el empleo y el salario. Esto signific\u00f3 la ampliaci\u00f3n de las clases medias o, mejor dicho, la creaci\u00f3n de una nueva clase media que arrib\u00f3 a los beneficios del consumo, la salud, la educaci\u00f3n y otros bienes p\u00fablicos a los que antes no ten\u00eda acceso. Amplios segmentos de las clases altas y medias preexistentes tuvieron una reacci\u00f3n que empata con lo que pasa en otras partes del mundo: acendraron y enderezaron su clasismo y su racismo contra los reci\u00e9n llegados. Podemos decir que la repulsi\u00f3n antiinmigrantes se expres\u00f3, en este caso, como rechazo a una migraci\u00f3n interna en la escala econ\u00f3mica.<br \/>Toda acci\u00f3n, toda pol\u00edtica p\u00fablica, toda decisi\u00f3n de gobierno acarrea consecuencias no buscadas. El cambio social en Brasil fue recibido por la derecha con una campa\u00f1a medi\u00e1tica feroz para desprestigiar al PT antes y despu\u00e9s de haberlo descarrilado del gobierno. Este partido y sus dirigentes, Lula y Dilma incluidos, tienen parte de la responsabilidad hist\u00f3rica al haber realizado acciones fuera de la legalidad que se les regresaron en el boomerang de una derecha encarnizada en contra del cambio. Entre otras razones, esta es una de las que explica por qu\u00e9 Bolsonaro se ha situado a las puertas del Palacio de Planalto.<br \/>As\u00ed como el populismo fallido de Ch\u00e1vez-Maduro, y el de Trump en Estados Unidos, el caso de Brasil debe ser analizado cuidadosamente en el vecindario latinoamericano. La ense\u00f1anza obvia es que todo gobierno progresista que busca activamente la inclusi\u00f3n a la ciudadan\u00eda econ\u00f3mica y social de los grupos marginados provocar\u00e1 una fuerte reacci\u00f3n en contra que deber\u00eda enfrentar desde el primer momento de su actuar. La descalificaci\u00f3n como &#8220;enemigo&#8221; de los sectores opuestos al cambio no hace sino postergar su reacci\u00f3n virulenta una vez que pueden ocupar el espacio de poder. Si la &#8220;izquierda&#8221; en gobierno no tiene una pol\u00edtica de integraci\u00f3n de los polos opuestos provoca la destrucci\u00f3n del sistema democr\u00e1tico mismo, que es el que le permite llegar al poder. Si la izquierda no rompe con el izquierdismo y el leninismo gen\u00e9tico, toma en serio la democracia constitucional y se hace cargo de la responsabilidad del gobernante de canalizar la representaci\u00f3n de los todos, incluidos los contrarios, voltear\u00e1 al electorado en su contra y pondr\u00e1 en peligro la democracia misma.<br \/>Twitter: @pacovaldesu<\/p>\n","protected":false},"excerpt":{"rendered":"<p>As\u00ed como el populismo fallido de Ch\u00e1vez-Maduro, y el de Trump en Estados Unidos, el caso de Brasil debe ser analizado cuidadosamente en el vecindario latinoamericano\u00a0<\/p>\n","protected":false},"author":93,"featured_media":0,"comment_status":"open","ping_status":"open","sticky":false,"template":"","format":"standard","meta":{"footnotes":""},"categories":[42],"tags":[],"class_list":["post-72237","post","type-post","status-publish","format-standard","hentry","category-nuestrapalabra"],"_links":{"self":[{"href":"https:\/\/plazajuarez.mx\/historico\/wp-json\/wp\/v2\/posts\/72237","targetHints":{"allow":["GET"]}}],"collection":[{"href":"https:\/\/plazajuarez.mx\/historico\/wp-json\/wp\/v2\/posts"}],"about":[{"href":"https:\/\/plazajuarez.mx\/historico\/wp-json\/wp\/v2\/types\/post"}],"author":[{"embeddable":true,"href":"https:\/\/plazajuarez.mx\/historico\/wp-json\/wp\/v2\/users\/93"}],"replies":[{"embeddable":true,"href":"https:\/\/plazajuarez.mx\/historico\/wp-json\/wp\/v2\/comments?post=72237"}],"version-history":[{"count":0,"href":"https:\/\/plazajuarez.mx\/historico\/wp-json\/wp\/v2\/posts\/72237\/revisions"}],"wp:attachment":[{"href":"https:\/\/plazajuarez.mx\/historico\/wp-json\/wp\/v2\/media?parent=72237"}],"wp:term":[{"taxonomy":"category","embeddable":true,"href":"https:\/\/plazajuarez.mx\/historico\/wp-json\/wp\/v2\/categories?post=72237"},{"taxonomy":"post_tag","embeddable":true,"href":"https:\/\/plazajuarez.mx\/historico\/wp-json\/wp\/v2\/tags?post=72237"}],"curies":[{"name":"wp","href":"https:\/\/api.w.org\/{rel}","templated":true}]}}