{"id":72236,"date":"2018-10-15T10:51:51","date_gmt":"2018-10-15T10:51:51","guid":{"rendered":"http:\/\/plazajuarez.mx\/index\/index.php\/2018\/10\/15\/las-nuevas-cuentas-del-turismo\/"},"modified":"2018-10-15T10:51:51","modified_gmt":"2018-10-15T10:51:51","slug":"las-nuevas-cuentas-del-turismo","status":"publish","type":"post","link":"https:\/\/plazajuarez.mx\/historico\/las-nuevas-cuentas-del-turismo\/","title":{"rendered":"Las nuevas cuentas del turismo"},"content":{"rendered":"<p>En Clave Tur\u00edstica<br \/>La valoraci\u00f3n de los resultados del turismo internacional en los pr\u00f3ximos meses y en la anualizaci\u00f3n, deber\u00eda hacerse con prudencia pues la comparaci\u00f3n directa tiene sus bemoles<\/p>\n<p>  <!--more-->  <\/p>\n<p>Como anticipamos en este espacio, el levantamiento de los operativos estad\u00edsticos relacionados con el flujo tur\u00edstico internacional hacia y desde M\u00e9xico, as\u00ed como la divulgaci\u00f3n de esta informaci\u00f3n, han sido asumidos por el Inegi, relevando el trabajo que durante a\u00f1os realiz\u00f3 el Banco de M\u00e9xico.<br \/>As\u00ed, el pasado 10 de octubre, se dio a conocer por vez primera los resultados del ejercicio en esta nueva modalidad. Habr\u00eda que decir que no se anticipaban cambios mayores, pues el marco metodol\u00f3gico sigue siendo el mismo y que fue adoptado por la Organizaci\u00f3n de Naciones Unidas en 2008. No obstante lo anterior, al no contarse con registros administrativos, la medici\u00f3n de los flujos de visitantes y dinero en la frontera, siempre ha suscitado alg\u00fan nivel mayor de incertidumbre, por lo que la nueva informaci\u00f3n era esperada con inter\u00e9s.<br \/>Una primera lectura de los resultados recientemente publicados apunta en la obtenci\u00f3n de cuatro hallazgos que parecen relevantes:<br \/>En primer t\u00e9rmino, y dada la variaci\u00f3n positiva de un 2.4% entre agosto de este a\u00f1o y el a\u00f1o previo en la medici\u00f3n de los flujos del turismo no fronterizo, parece existir consistencia en este rubro.<br \/>En segundo lugar, en el gasto medio de los turistas a\u00e9reos \u2014que es uno de los componentes m\u00e1s relevantes de la informaci\u00f3n de estos turistas internacionales al pa\u00eds \u2014, s\u00ed parece haber cambios significativos, pues en 2017 se promediaban 942 d\u00f3lares y en los primeros siete meses del a\u00f1o en curso se situaba ligeramente por arriba de los 900 d\u00f3lares; en tanto que para el mes de agosto de 2018 con los nuevos procedimientos se estima este gasto en mil 32 d\u00f3lares, 14% por arriba del mismo mes del a\u00f1o anterior.<br \/>Es tan relevante esta modificaci\u00f3n que de confirmarse como un cambio significativo, supondr\u00eda que los ingresos de este segmento pasar\u00edan de representar 80% del total en las mediciones previas, hasta alcanzar alrededor de 90% con los nuevos operativos. <br \/>Con ello, se vendr\u00eda a confirmar lo estrat\u00e9gico de este grupo de viajeros como el principal mercado meta a alcanzar, a trav\u00e9s de los esfuerzos de mercadotecnia del pa\u00eds. Por cierto, la aparente subestimaci\u00f3n en este rubro habr\u00eda sido anticipada por el Secretario de Turismo a partir de un intercambio de opiniones con el ex secretario General de la Organizaci\u00f3n Mundial del turismo, Taleb Rifai. <br \/>Finalmente, el tercer aspecto a destacar es que el flujo de turistas fronterizos tambi\u00e9n habr\u00eda estado subestimado, pues el crecimiento en este indicador en agosto de 2018 en comparaci\u00f3n interanual fue de 31.3%. Por cierto, la combinaci\u00f3n de estos dos factores, implicar\u00eda, tambi\u00e9n una cierta subestimaci\u00f3n en el total de los ingresos que en agosto crecieron 9.2%, el triple de lo que lo hicieron en los primeros 7 meses del a\u00f1o.<br \/>Por \u00faltimo, el cuarto hallazgo \u2014asociado con el previamente comentado\u2014, es que es posible que haya habido una sobrestimaci\u00f3n en los viajeros fronterizos (turistas \u2014que pernoctan\u2014 y excursionistas) en donde se reporta una ca\u00edda de 13.1%. Ahora bien, esta contracci\u00f3n obedece a un descenso notable en los excursionistas de 27.2%, lo que por cierto, desde el punto de vista tur\u00edstico tiene un menor significado.<br \/>Sin duda es necesario esperar mediciones adicionales para ir confirmando estas hip\u00f3tesis, pero lo que queda claro, es que la valoraci\u00f3n de los resultados del turismo internacional en los pr\u00f3ximos meses y en la &#8220;anualizaci\u00f3n&#8221; de los resultados, deber\u00eda hacerse con prudencia pues la comparaci\u00f3n directa de las cifras tiene sus bemoles.<br \/>Turismo y desarrollo social. El d\u00eda de hoy, se presenta el documento denominado Turismo y desarrollo social: nuevas razones de Estado para la pol\u00edtica tur\u00edstica elaborado por acad\u00e9micos de la UNAM, El Colegio de M\u00e9xico, el CIDE y la Universidad An\u00e1huac M\u00e9xico, con el generoso apoyo de la Fundaci\u00f3n Vidanta. Este esfuerzo colectivo es una aportaci\u00f3n para la formulaci\u00f3n de la pol\u00edtica p\u00fablica del nuevo gobierno, en la que se destaca la capacidad que tiene el turismo para realizar contribuciones significativas, no s\u00f3lo en el tradicional terreno econ\u00f3mico, sino, tambi\u00e9n, en la perspectiva de los social, lo que conlleva la necesidad de articular adecuadamente los esfuerzos p\u00fablicos para la conducci\u00f3n del sector, estimulando la concurrencia en la participaci\u00f3n del sector privado y de la sociedad en general.<br \/>\u00a0<br \/>Twitter: @fcomadrid<\/p>\n","protected":false},"excerpt":{"rendered":"<p>En Clave Tur\u00edsticaLa valoraci\u00f3n de los resultados del turismo internacional en los pr\u00f3ximos meses y en la anualizaci\u00f3n, deber\u00eda hacerse con prudencia pues la comparaci\u00f3n directa tiene sus bemoles<\/p>\n","protected":false},"author":93,"featured_media":0,"comment_status":"open","ping_status":"open","sticky":false,"template":"","format":"standard","meta":{"footnotes":""},"categories":[42],"tags":[],"class_list":["post-72236","post","type-post","status-publish","format-standard","hentry","category-nuestrapalabra"],"_links":{"self":[{"href":"https:\/\/plazajuarez.mx\/historico\/wp-json\/wp\/v2\/posts\/72236","targetHints":{"allow":["GET"]}}],"collection":[{"href":"https:\/\/plazajuarez.mx\/historico\/wp-json\/wp\/v2\/posts"}],"about":[{"href":"https:\/\/plazajuarez.mx\/historico\/wp-json\/wp\/v2\/types\/post"}],"author":[{"embeddable":true,"href":"https:\/\/plazajuarez.mx\/historico\/wp-json\/wp\/v2\/users\/93"}],"replies":[{"embeddable":true,"href":"https:\/\/plazajuarez.mx\/historico\/wp-json\/wp\/v2\/comments?post=72236"}],"version-history":[{"count":0,"href":"https:\/\/plazajuarez.mx\/historico\/wp-json\/wp\/v2\/posts\/72236\/revisions"}],"wp:attachment":[{"href":"https:\/\/plazajuarez.mx\/historico\/wp-json\/wp\/v2\/media?parent=72236"}],"wp:term":[{"taxonomy":"category","embeddable":true,"href":"https:\/\/plazajuarez.mx\/historico\/wp-json\/wp\/v2\/categories?post=72236"},{"taxonomy":"post_tag","embeddable":true,"href":"https:\/\/plazajuarez.mx\/historico\/wp-json\/wp\/v2\/tags?post=72236"}],"curies":[{"name":"wp","href":"https:\/\/api.w.org\/{rel}","templated":true}]}}