{"id":72235,"date":"2018-10-15T10:51:31","date_gmt":"2018-10-15T10:51:31","guid":{"rendered":"http:\/\/plazajuarez.mx\/index\/index.php\/2018\/10\/15\/sinfonica-de-israel-lleva-su-musica-al-fic\/"},"modified":"2018-10-15T10:51:31","modified_gmt":"2018-10-15T10:51:31","slug":"sinfonica-de-israel-lleva-su-musica-al-fic","status":"publish","type":"post","link":"https:\/\/plazajuarez.mx\/historico\/sinfonica-de-israel-lleva-su-musica-al-fic\/","title":{"rendered":"Sinf\u00f3nica de Israel lleva su m\u00fasica al FIC"},"content":{"rendered":"<p>La Orquesta se present\u00f3 por primera vez en M\u00e9xico en el marco de la edici\u00f3n XLVI del Festival Internacional Cervantino<\/p>\n<p>  <!--more-->  <\/p>\n<p>GUANAJUATO, Gto.- La Orquesta Sinf\u00f3nica de Israel Rishon LeZion, bajo la direcci\u00f3n hu\u00e9sped de Yeruham Scharovsky, se present\u00f3 por primera vez en M\u00e9xico en el marco de la edici\u00f3n XLVI del Festival Internacional Cervantino, con la violonchelista Danielle Akta, considerada por la cr\u00edtica especializada de su pa\u00eds como un prodigio y una estrella del futuro. <br \/>El concierto abri\u00f3 con la danza &#8220;Hora del poema sinf\u00f3nico Emek&#8221;, de Mark Lavry, inspirado en el Valle de &#8220;Izrael&#8221;, zona agr\u00edcola y pintoresca, situada al norte del pa\u00eds, de fuerte atracci\u00f3n entre los inmigrantes europeos. Previamente, en conferencia de prensa, Scharovsky explic\u00f3 que se trata de una obra creada en la \u00e9poca de la fundaci\u00f3n de Israel, cuando todav\u00eda no hab\u00eda compositores israel\u00edes. Lavry fue pionero en la creaci\u00f3n de un estilo nacional, tom\u00f3 la m\u00fasica de la tierra y la convirti\u00f3 en una obra sinf\u00f3nica. <br \/>&#8220;La Hora&#8221; se bailaba por las noches, por la felicidad de tener un pa\u00eds y comenzar un estado. Lavry tom\u00f3 esa canci\u00f3n del acorde\u00f3n. &#8220;Tiene todos los ritmos, todo el sabor de la m\u00fasica israel\u00ed&#8221;, dijo el concertador. <br \/>La segunda obra fue el Concierto para violonchello y orquesta (Concierto para violonchelo en mi menor, Op. 85), una de las principales composiciones del ingl\u00e9s Edward Elgar, escrita en 1919, despu\u00e9s de la Primera Guerra Mundial. <br \/>Se trata de una pieza que, seg\u00fan los expertos, es abordada s\u00f3lo por los grandes chelistas debido a su complejidad t\u00e9cnico y virtuoso, pero sobre toda por ser muy pasional. <br \/>&#8220;La interpretaci\u00f3n de Danielle es una de las bonitas que he escuchado en toda mi vida, todo lo emocionante, conmovedor y todo el amor de un adolescente, tocando esta pieza es una vivencia incomparable&#8221;, explic\u00f3 el m\u00fasico.<br \/>Y lo fue, la chelista de 16 a\u00f1os de edad nacida en Israel dentro de una familia de m\u00fasicos que comenz\u00f3 sus estudios en el Conservatorio de Ra&#8217;anana, ofreci\u00f3 una interpretaci\u00f3n virtuosa celebrada por el p\u00fablico. Ante las ovaciones, Danielle ofreci\u00f3 como encore el tercer movimiento de la Suite para violoncello solo de Gaspar Cassad\u00f3. <br \/>El concierto cerr\u00f3 con la Sinfon\u00eda n\u00fam. 9 en mi menor, Op. 95, tambi\u00e9n conocida como Sinfon\u00eda del nuevo mundo, de Antonin Dvor\u00e1k. Como encore, interpretaron una breve versi\u00f3n del coro de &#8220;M\u00e9xico lindo y querido&#8221;. <br \/>La Orquesta Sinf\u00f3nica de Israel Rishon LeZion se presentar\u00e1 tambi\u00e9n en el Palacio de Bellas Artes el 16 y 17 de octubre.<\/p>\n","protected":false},"excerpt":{"rendered":"<p>La Orquesta se present\u00f3 por primera vez en M\u00e9xico en el marco de la edici\u00f3n XLVI del Festival Internacional Cervantino<\/p>\n","protected":false},"author":93,"featured_media":0,"comment_status":"open","ping_status":"open","sticky":false,"template":"","format":"standard","meta":{"footnotes":""},"categories":[41],"tags":[],"class_list":["post-72235","post","type-post","status-publish","format-standard","hentry","category-arteria-cultural"],"_links":{"self":[{"href":"https:\/\/plazajuarez.mx\/historico\/wp-json\/wp\/v2\/posts\/72235","targetHints":{"allow":["GET"]}}],"collection":[{"href":"https:\/\/plazajuarez.mx\/historico\/wp-json\/wp\/v2\/posts"}],"about":[{"href":"https:\/\/plazajuarez.mx\/historico\/wp-json\/wp\/v2\/types\/post"}],"author":[{"embeddable":true,"href":"https:\/\/plazajuarez.mx\/historico\/wp-json\/wp\/v2\/users\/93"}],"replies":[{"embeddable":true,"href":"https:\/\/plazajuarez.mx\/historico\/wp-json\/wp\/v2\/comments?post=72235"}],"version-history":[{"count":0,"href":"https:\/\/plazajuarez.mx\/historico\/wp-json\/wp\/v2\/posts\/72235\/revisions"}],"wp:attachment":[{"href":"https:\/\/plazajuarez.mx\/historico\/wp-json\/wp\/v2\/media?parent=72235"}],"wp:term":[{"taxonomy":"category","embeddable":true,"href":"https:\/\/plazajuarez.mx\/historico\/wp-json\/wp\/v2\/categories?post=72235"},{"taxonomy":"post_tag","embeddable":true,"href":"https:\/\/plazajuarez.mx\/historico\/wp-json\/wp\/v2\/tags?post=72235"}],"curies":[{"name":"wp","href":"https:\/\/api.w.org\/{rel}","templated":true}]}}