{"id":71991,"date":"2018-10-11T03:40:09","date_gmt":"2018-10-11T03:40:09","guid":{"rendered":"http:\/\/plazajuarez.mx\/index\/index.php\/2018\/10\/11\/delegados-de-comunidades-denuncian-mal-uso-de-sus-sellos-para-defender-a-cipriano-charrez\/"},"modified":"2018-10-11T03:40:09","modified_gmt":"2018-10-11T03:40:09","slug":"delegados-de-comunidades-denuncian-mal-uso-de-sus-sellos-para-defender-a-cipriano-charrez","status":"publish","type":"post","link":"https:\/\/plazajuarez.mx\/historico\/delegados-de-comunidades-denuncian-mal-uso-de-sus-sellos-para-defender-a-cipriano-charrez\/","title":{"rendered":"Delegados de comunidades denuncian mal uso de sus sellos para defender a Cipriano Charrez"},"content":{"rendered":"<p>Ixmiquilpan<br \/>\u00a0\u00a0 \u00a0\u2022\u00a0\u00a0 \u00a0Fueron mal usados para sellar un documento en el que se defiende al diputado federal; adem\u00e1s aseguran que tambi\u00e9n hay firmas falsificadas\u2028<\/p>\n<p>Las autoridades comunitarias de La Cruz Blanca, de La Mesa L\u00f3pez Ray\u00f3n y los diversos comit\u00e9s de obras p\u00fablicas y servicios de El \u00a0Mandh\u00f3, Puerto Dexth\u00ed y La Joya, advirtieron que no participar\u00e1n en las movilizaciones sociales programadas para este jueves y domingo en Ixmiquilpan. <\/p>\n<p>  <!--more-->  <\/p>\n<p>Delegados de diferentes comunidades llevaron a cabo una conferencia de prensa, en la que denunciaron que los sellos de sus localidades, fueron mal utilizados en un documento en el que se defiende al diputado federal, Cipriano Charrez Pedraza. <br \/>Gamaliel P\u00e9rez Pe\u00f1a delegado del poblado de San Nicol\u00e1s denunci\u00f3 que en la carta hay firmas falsificadas o de personas que anteriormente fungieron como autoridades de esas localidades.<br \/>Se\u00f1alaron, que a trav\u00e9s de las redes sociales y algunos medios de comunicaci\u00f3n se est\u00e1 convocando a los ciudadanos a manifestarse en apoyo al legislador que de acuerdo a la Procuradur\u00eda General de Justicia del Estado de Hidalgo (PGJEH) es investigado por su presunta responsabilidad del accidente de tr\u00e1nsito ocurrido el s\u00e1bado en la madrugada, en el que muri\u00f3 calcinado el joven Iv\u00e1n Fuentes Mart\u00ednez de 21 a\u00f1os de edad, originario del municipio de Alfajayucan.<br \/>El delegado, explic\u00f3 que uno de los sellos que aparece en el documento es del a\u00f1o 2017, el cual corresponde a otro delegado. \u201cLos sellos se cambian cada a\u00f1o y en el documento de respaldo a Cipriano aparece el del a\u00f1o pasado, no el actual, 2018\u201d.<br \/>Otras localidades que aparecen en la carta en la que se usaron sellos caducados, correspondientes a los a\u00f1os 2016 y 2017 o alterados, son: Comit\u00e9 de Obras P\u00fablicas de San Miguel, Nequetej\u00e9, Bangandh\u00f3, Felipe \u00c1ngeles Juli\u00e1n Villagr\u00e1n y San Nicol\u00e1s.<br \/>El documento del que se quejaron, circul\u00f3 el fin de semana, en el cual se brinda apoyo moral al diputado federal, esto tras lo sucedido medi\u00e1ticamente en medios de comunicaci\u00f3n y en redes sociales, por el accidente del s\u00e1bado pasado donde la camioneta donde \u00e9l viajaba, se vio involucrada.<\/p>\n","protected":false},"excerpt":{"rendered":"<p>Ixmiquilpan\u00a0\u00a0 \u00a0\u2022\u00a0\u00a0 \u00a0Fueron mal usados para sellar un documento en el que se defiende al diputado federal; adem\u00e1s aseguran que tambi\u00e9n hay firmas falsificadas\u2028 Las autoridades comunitarias de La Cruz Blanca, de La Mesa L\u00f3pez Ray\u00f3n y los diversos comit\u00e9s de obras p\u00fablicas y servicios de El \u00a0Mandh\u00f3, Puerto Dexth\u00ed y La Joya, advirtieron que [&hellip;]<\/p>\n","protected":false},"author":93,"featured_media":0,"comment_status":"open","ping_status":"open","sticky":false,"template":"","format":"standard","meta":{"footnotes":""},"categories":[63],"tags":[],"class_list":["post-71991","post","type-post","status-publish","format-standard","hentry","category-las-camaras"],"_links":{"self":[{"href":"https:\/\/plazajuarez.mx\/historico\/wp-json\/wp\/v2\/posts\/71991","targetHints":{"allow":["GET"]}}],"collection":[{"href":"https:\/\/plazajuarez.mx\/historico\/wp-json\/wp\/v2\/posts"}],"about":[{"href":"https:\/\/plazajuarez.mx\/historico\/wp-json\/wp\/v2\/types\/post"}],"author":[{"embeddable":true,"href":"https:\/\/plazajuarez.mx\/historico\/wp-json\/wp\/v2\/users\/93"}],"replies":[{"embeddable":true,"href":"https:\/\/plazajuarez.mx\/historico\/wp-json\/wp\/v2\/comments?post=71991"}],"version-history":[{"count":0,"href":"https:\/\/plazajuarez.mx\/historico\/wp-json\/wp\/v2\/posts\/71991\/revisions"}],"wp:attachment":[{"href":"https:\/\/plazajuarez.mx\/historico\/wp-json\/wp\/v2\/media?parent=71991"}],"wp:term":[{"taxonomy":"category","embeddable":true,"href":"https:\/\/plazajuarez.mx\/historico\/wp-json\/wp\/v2\/categories?post=71991"},{"taxonomy":"post_tag","embeddable":true,"href":"https:\/\/plazajuarez.mx\/historico\/wp-json\/wp\/v2\/tags?post=71991"}],"curies":[{"name":"wp","href":"https:\/\/api.w.org\/{rel}","templated":true}]}}