{"id":71989,"date":"2018-10-11T03:40:06","date_gmt":"2018-10-11T03:40:06","guid":{"rendered":"http:\/\/plazajuarez.mx\/index\/index.php\/2018\/10\/11\/dan-de-alta-a-sobreviviente-del-linchamiento-en-metepec\/"},"modified":"2018-10-11T03:40:06","modified_gmt":"2018-10-11T03:40:06","slug":"dan-de-alta-a-sobreviviente-del-linchamiento-en-metepec","status":"publish","type":"post","link":"https:\/\/plazajuarez.mx\/historico\/dan-de-alta-a-sobreviviente-del-linchamiento-en-metepec\/","title":{"rendered":"Dan de alta a sobreviviente del linchamiento en Metepec"},"content":{"rendered":"<p>Tulancingo <br \/>\u00a0\u00a0 \u00a0\u2022\u00a0\u00a0 \u00a0Dos siguen hospitalizados. Uno reportado como grave y otro como muy grave.\u2028<\/p>\n<p>  <!--more-->  <\/p>\n<p>Dos de los lesionados durante el linchamiento registrado el pasado jueves 27 de septiembre en el municipio de Metepec, permanecen internados en el Hospital General de Tulancingo, seg\u00fan informaci\u00f3n de la direcci\u00f3n del nosocomio.<br \/>El \u00a0m\u00e9dico \u00d3scar Daniel Aguilar Le\u00f3n, se\u00f1al\u00f3 que uno de ellos es reportado como grave y el otro como muy grave, con pron\u00f3stico reservado para la vida. <br \/>Dijo que el tercero, ya fue dado de alta, y entregado a sus familiares.<br \/>En el caso de los a\u00fan internados, explic\u00f3 que tienen lesiones en varias partes del cuerpo; pero en el caso m\u00e1s grave, el de un hombre de aproximadamente 50 a\u00f1os de edad, \u00e9ste presenta lesiones en la cabeza e incluso requiere dializarse de tres a cuatro veces a la semana.<br \/>Agreg\u00f3 que el monitoreo de los lesionados es constante, en espera de que mejore su estado de salud, ya que ambos presentan lesiones en varias partes del cuerpo.<br \/>En cuanto al caso del linchamiento, hasta el momento no se conoce de denuncia formal alguna, luego de que una turba enardecida les acusara de ser &#8220;robachicos&#8221;.<br \/>La semana pasada, el alcalde de Metepec, Alejandro Amador, coincidi\u00f3 en que hasta el momento, no se conoce de denuncia formal alguna, y tampoco si ha habido acercamiento de alguno de sus gobernados, que haya sido afectado por la sustracci\u00f3n de menor de edad. <br \/>Por ello, dijo el director del Hospital general, los hombres no tienen calidad de detenidos en el nosocomio, aunque se espera que su estado de salud mejore, para que presenten declaraci\u00f3n respecto al linchamiento del que fueron objeto.<\/p>\n","protected":false},"excerpt":{"rendered":"<p>Tulancingo \u00a0\u00a0 \u00a0\u2022\u00a0\u00a0 \u00a0Dos siguen hospitalizados. Uno reportado como grave y otro como muy grave.\u2028<\/p>\n","protected":false},"author":93,"featured_media":0,"comment_status":"open","ping_status":"open","sticky":false,"template":"","format":"standard","meta":{"footnotes":""},"categories":[40],"tags":[],"class_list":["post-71989","post","type-post","status-publish","format-standard","hentry","category-region"],"_links":{"self":[{"href":"https:\/\/plazajuarez.mx\/historico\/wp-json\/wp\/v2\/posts\/71989","targetHints":{"allow":["GET"]}}],"collection":[{"href":"https:\/\/plazajuarez.mx\/historico\/wp-json\/wp\/v2\/posts"}],"about":[{"href":"https:\/\/plazajuarez.mx\/historico\/wp-json\/wp\/v2\/types\/post"}],"author":[{"embeddable":true,"href":"https:\/\/plazajuarez.mx\/historico\/wp-json\/wp\/v2\/users\/93"}],"replies":[{"embeddable":true,"href":"https:\/\/plazajuarez.mx\/historico\/wp-json\/wp\/v2\/comments?post=71989"}],"version-history":[{"count":0,"href":"https:\/\/plazajuarez.mx\/historico\/wp-json\/wp\/v2\/posts\/71989\/revisions"}],"wp:attachment":[{"href":"https:\/\/plazajuarez.mx\/historico\/wp-json\/wp\/v2\/media?parent=71989"}],"wp:term":[{"taxonomy":"category","embeddable":true,"href":"https:\/\/plazajuarez.mx\/historico\/wp-json\/wp\/v2\/categories?post=71989"},{"taxonomy":"post_tag","embeddable":true,"href":"https:\/\/plazajuarez.mx\/historico\/wp-json\/wp\/v2\/tags?post=71989"}],"curies":[{"name":"wp","href":"https:\/\/api.w.org\/{rel}","templated":true}]}}