{"id":71988,"date":"2018-10-11T03:40:06","date_gmt":"2018-10-11T03:40:06","guid":{"rendered":"http:\/\/plazajuarez.mx\/index\/index.php\/2018\/10\/11\/motocicleta-choca-de-frente-contra-urvan\/"},"modified":"2018-10-11T03:40:06","modified_gmt":"2018-10-11T03:40:06","slug":"motocicleta-choca-de-frente-contra-urvan","status":"publish","type":"post","link":"https:\/\/plazajuarez.mx\/historico\/motocicleta-choca-de-frente-contra-urvan\/","title":{"rendered":"Motocicleta choca de frente contra Urvan"},"content":{"rendered":"<p>Tlanalapa<br \/>\u00a0\u00a0 \u00a0\u2022\u00a0\u00a0 \u00a0Los dos jovencitos que viajaban en la moto resultaron severamente lesionados; tuvieron que ser trasladados a la Ciudad de M\u00e9xico para su atenci\u00f3n m\u00e9dica \u2028<\/p>\n<p>  <!--more-->  <\/p>\n<p>Dos j\u00f3venes resultaron heridos de gravedad despu\u00e9s de chocar su \u00a0motocicleta contra una unidad del transporte p\u00fablico de la ruta Chiconcuac-Ciudad Sahag\u00fan.<\/p>\n<p>En el parte informativo de Seguridad P\u00fablica Municipal de Tlanalapa, se se\u00f1ala que los dos j\u00f3venes iban a bordo de una motocicleta tipo Italika, circulando rumbo a Ciudad Sahag\u00fan. Se asegura que de forma imprudente rebasaron a un autom\u00f3vil, por lo que terminaron impact\u00e1ndose de frente con la unidad de pasajeros. \u00a0Los dos j\u00f3venes sufrieron graves lesiones que ponen en riesgo su vida.<\/p>\n<p>La motocicleta no tiene placas de circulaci\u00f3n, y ninguno de sus dos tripulantes portaba casco de seguridad. <\/p>\n<p>Los jovencitos fueron identificados como Dylan Fabricio A.G., de 18 a\u00f1os de edad y N\u00e9stor M.M., de 27 a\u00f1os. Ambos con domicilio en el municipio de Tlanalapa. Fueron atendidos por elementos de Protecci\u00f3n Civil municipal, quienes los trasladaron a la cl\u00ednica del IMSS de Ciudad Sahag\u00fan para su atenci\u00f3n m\u00e9dica.<\/p>\n<p>El chofer de la unidad del transporte p\u00fablico, de nombre Jos\u00e9 Daniel SG, tambi\u00e9n con domicilio en Tlanalapa, result\u00f3 ileso y fue quien realiz\u00f3 la llamada para pedir apoyo de Protecci\u00f3n Civil municipal.<\/p>\n<p>En su declaraci\u00f3n el chofer de la Urvan indic\u00f3 que al circular sobre la cinta asf\u00e1ltica, \u201cde pronto, una motocicleta sali\u00f3 de atr\u00e1s de un autom\u00f3vil, en sentido contrario, a una velocidad inmoderada\u201d. El chofer indic\u00f3: \u201cNo tuve tiempo de frenar para evitar el brutal choque de frente\u201d.<\/p>\n<p>El titular de Protecci\u00f3n Civil de Tlanalapa se\u00f1al\u00f3 que los dos j\u00f3venes lesionados tuvieron que ser trasladados de urgencias a la Ciudad de M\u00e9xico, v\u00eda a\u00e9rea, ya que sus lesiones eran graves.<\/p>\n","protected":false},"excerpt":{"rendered":"<p>Tlanalapa\u00a0\u00a0 \u00a0\u2022\u00a0\u00a0 \u00a0Los dos jovencitos que viajaban en la moto resultaron severamente lesionados; tuvieron que ser trasladados a la Ciudad de M\u00e9xico para su atenci\u00f3n m\u00e9dica \u2028<\/p>\n","protected":false},"author":93,"featured_media":0,"comment_status":"open","ping_status":"open","sticky":false,"template":"","format":"standard","meta":{"footnotes":""},"categories":[40],"tags":[],"class_list":["post-71988","post","type-post","status-publish","format-standard","hentry","category-region"],"_links":{"self":[{"href":"https:\/\/plazajuarez.mx\/historico\/wp-json\/wp\/v2\/posts\/71988","targetHints":{"allow":["GET"]}}],"collection":[{"href":"https:\/\/plazajuarez.mx\/historico\/wp-json\/wp\/v2\/posts"}],"about":[{"href":"https:\/\/plazajuarez.mx\/historico\/wp-json\/wp\/v2\/types\/post"}],"author":[{"embeddable":true,"href":"https:\/\/plazajuarez.mx\/historico\/wp-json\/wp\/v2\/users\/93"}],"replies":[{"embeddable":true,"href":"https:\/\/plazajuarez.mx\/historico\/wp-json\/wp\/v2\/comments?post=71988"}],"version-history":[{"count":0,"href":"https:\/\/plazajuarez.mx\/historico\/wp-json\/wp\/v2\/posts\/71988\/revisions"}],"wp:attachment":[{"href":"https:\/\/plazajuarez.mx\/historico\/wp-json\/wp\/v2\/media?parent=71988"}],"wp:term":[{"taxonomy":"category","embeddable":true,"href":"https:\/\/plazajuarez.mx\/historico\/wp-json\/wp\/v2\/categories?post=71988"},{"taxonomy":"post_tag","embeddable":true,"href":"https:\/\/plazajuarez.mx\/historico\/wp-json\/wp\/v2\/tags?post=71988"}],"curies":[{"name":"wp","href":"https:\/\/api.w.org\/{rel}","templated":true}]}}