{"id":71981,"date":"2018-10-11T00:41:14","date_gmt":"2018-10-11T00:41:14","guid":{"rendered":"http:\/\/plazajuarez.mx\/index\/index.php\/2018\/10\/11\/multan-al-diputado-cipriano-charrez-pedraza\/"},"modified":"2018-10-11T00:41:14","modified_gmt":"2018-10-11T00:41:14","slug":"multan-al-diputado-cipriano-charrez-pedraza","status":"publish","type":"post","link":"https:\/\/plazajuarez.mx\/historico\/multan-al-diputado-cipriano-charrez-pedraza\/","title":{"rendered":"Multan al diputado Cipriano Charrez Pedraza"},"content":{"rendered":"<p style=\"text-align: justify;\"><span style=\"font-weight: 400;\">Los juzgadores determinaron que si hizo uso de im\u00e1genes de menores de edad sin contar con la autorizaci\u00f3n correspondiente y emple\u00f3 el slogan de la coalici\u00f3n indebidamente.<\/span><\/p>\n<p>  <!--more-->  <\/p>\n<p style=\"text-align: justify;\"><span style=\"font-weight: 400;\">Por unanimidad de votos los magistrados de la Sala Superior del Tribunal Electoral del Poder Judicial de la Federaci\u00f3n (TEPJF) ratificaron esta tarde una sanci\u00f3n de 24 mil 180 pesos al diputado Cipriano Charrez Pedraza, por uso indebido de un slogan de campa\u00f1a y afectar indebidamente el inter\u00e9s superior de la ni\u00f1ez.<\/span><\/p>\n<p style=\"text-align: justify;\"><span style=\"font-weight: 400;\">El legislador impugn\u00f3 ante la Sala Superior una multa impuesta en septiembre pasado por la Sala Regional Especializada, pero \u00e9sta qued\u00f3 firme al acreditarse que us\u00f3 indebidamente la frase &#8220;Juntos Haremos Historia&#8221;, siendo que no fue abanderado de esa coalici\u00f3n, sino s\u00f3lo de Morena.<\/span><\/p>\n<p style=\"text-align: justify;\"><span style=\"font-weight: 400;\">Charrez Pedraza aleg\u00f3 que no es responsable pues no es administrador de las redes sociales (Facebook) en las que, seg\u00fan denunci\u00f3 el Partido del Trabajo (PT), us\u00f3 indebidamente el slogan de la coalici\u00f3n y apareci\u00f3 junto con im\u00e1genes de 24 ni\u00f1os, sin que haya solicitado autorizaci\u00f3n de sus padres o de los menores, lo que afect\u00f3 el inter\u00e9s superior de la ni\u00f1ez.<\/span><\/p>\n<p style=\"text-align: justify;\"><span style=\"font-weight: 400;\">Los juzgadores determinaron que si hizo uso de im\u00e1genes de menores de edad sin contar con la autorizaci\u00f3n correspondiente y emple\u00f3 el slogan de la coalici\u00f3n indebidamente, de ah\u00ed que la multa qued\u00f3 firme.<\/span><\/p>\n<p style=\"text-align: justify;\"><span style=\"font-weight: 400;\">Cabe destacar que el diputado de Morena, se vio involucrado el fin de semana en un accidente automovil\u00edstico que dej\u00f3 como saldo una persona muerta en Ixmiquilpan, Hidalgo. Sin embargo, el legislador ha negado que fuera el conductor de la camioneta involucrada en el percance.<\/span><\/p>\n","protected":false},"excerpt":{"rendered":"<p>Los juzgadores determinaron que si hizo uso de im\u00e1genes de menores de edad sin contar con la autorizaci\u00f3n correspondiente y emple\u00f3 el slogan de la coalici\u00f3n indebidamente.<\/p>\n","protected":false},"author":1,"featured_media":0,"comment_status":"open","ping_status":"open","sticky":false,"template":"","format":"standard","meta":{"footnotes":""},"categories":[63],"tags":[],"class_list":["post-71981","post","type-post","status-publish","format-standard","hentry","category-las-camaras"],"_links":{"self":[{"href":"https:\/\/plazajuarez.mx\/historico\/wp-json\/wp\/v2\/posts\/71981","targetHints":{"allow":["GET"]}}],"collection":[{"href":"https:\/\/plazajuarez.mx\/historico\/wp-json\/wp\/v2\/posts"}],"about":[{"href":"https:\/\/plazajuarez.mx\/historico\/wp-json\/wp\/v2\/types\/post"}],"author":[{"embeddable":true,"href":"https:\/\/plazajuarez.mx\/historico\/wp-json\/wp\/v2\/users\/1"}],"replies":[{"embeddable":true,"href":"https:\/\/plazajuarez.mx\/historico\/wp-json\/wp\/v2\/comments?post=71981"}],"version-history":[{"count":0,"href":"https:\/\/plazajuarez.mx\/historico\/wp-json\/wp\/v2\/posts\/71981\/revisions"}],"wp:attachment":[{"href":"https:\/\/plazajuarez.mx\/historico\/wp-json\/wp\/v2\/media?parent=71981"}],"wp:term":[{"taxonomy":"category","embeddable":true,"href":"https:\/\/plazajuarez.mx\/historico\/wp-json\/wp\/v2\/categories?post=71981"},{"taxonomy":"post_tag","embeddable":true,"href":"https:\/\/plazajuarez.mx\/historico\/wp-json\/wp\/v2\/tags?post=71981"}],"curies":[{"name":"wp","href":"https:\/\/api.w.org\/{rel}","templated":true}]}}