{"id":71739,"date":"2018-10-07T13:59:39","date_gmt":"2018-10-07T13:59:39","guid":{"rendered":"http:\/\/plazajuarez.mx\/index\/index.php\/2018\/10\/07\/comunicacion-permanente-con-la-ciudadania-jose-luis-munoz\/"},"modified":"2018-10-07T13:59:39","modified_gmt":"2018-10-07T13:59:39","slug":"comunicacion-permanente-con-la-ciudadania-jose-luis-munoz","status":"publish","type":"post","link":"https:\/\/plazajuarez.mx\/historico\/comunicacion-permanente-con-la-ciudadania-jose-luis-munoz\/","title":{"rendered":"Comunicaci\u00f3n permanente con la ciudadan\u00eda: Jos\u00e9 Luis Mu\u00f1oz"},"content":{"rendered":"<p>\u201cAL PENDIENTE DE LA GENTE\u201d \u00a0 <br \/>\u00a0\u00a0 \u00a0\u2022\u00a0\u00a0 \u00a0El diputado local de Metepec presume que tiene alrededor de cinco mil contactos que lo mantienen informado de lo que sucede en el municipio\u2028<\/p>\n<p>  <!--more-->  <\/p>\n<p>M\u00e1s de cinco mil n\u00fameros entre sus contactos de celular, son los que presume el diputado local de la fracci\u00f3n del partido del Movimiento de Regeneraci\u00f3n Nacional (Morena) por el distrito 09 con cabecera en Metepec, Jos\u00e9 Luis Mu\u00f1oz Soto, qui\u00e9n asegur\u00f3 que est\u00e1 en constante comunicaci\u00f3n con la gente del distrito que representa, por lo que puede conocer de las necesidades del municipio as\u00ed como de lo que acontece all\u00e1.<br \/>En entrevista el diputado apunt\u00f3 que lo anterior le permiti\u00f3 saber lo que hab\u00eda ocurrido en Metepec (el caso del linchamiento), aunque se\u00f1al\u00f3 que tuvo informaci\u00f3n cruzada, ya que las versiones de los pobladores eran distintas, por lo que ah\u00ed ser\u00e1n las autoridades las que deban resolver el caso en el que algunos han se\u00f1alado a posibles huachicoleros como los azuzadores de la poblaci\u00f3n para que cometieran el crimen que dej\u00f3 a una persona muerta.<br \/>\u201cTengo a varios amigos, yo como diputado, tengo m\u00e1s de cinco mil contactos, he estado recorriendo el distrito, me reun\u00ed con grupos en las dos ocasiones que he ido, un diputado debe ser cercano, yo hice un compromiso de campa\u00f1a que es estar al pendiente de la gente que represento, y quiero decirles que hay gente que me habla en las ma\u00f1anas y a todas horas del d\u00eda\u201d, dijo.<br \/>Y agreg\u00f3 que los ciudadanos con los que se ha comprometido, al d\u00eda puede estar en cualquier lado del distrito \u201chablando por tel\u00e9fono con cualquiera de los contactos, puedo saber qu\u00e9 sucede y qu\u00e9 necesidades hay, y sumado a estos continuar\u00e9 las visitas al distrito en \u00a0mis tiempos libres del Congreso\u201d, concluy\u00f3.<\/p>\n","protected":false},"excerpt":{"rendered":"<p>\u201cAL PENDIENTE DE LA GENTE\u201d \u00a0 \u00a0\u00a0 \u00a0\u2022\u00a0\u00a0 \u00a0El diputado local de Metepec presume que tiene alrededor de cinco mil contactos que lo mantienen informado de lo que sucede en el municipio\u2028<\/p>\n","protected":false},"author":93,"featured_media":0,"comment_status":"open","ping_status":"open","sticky":false,"template":"","format":"standard","meta":{"footnotes":""},"categories":[59],"tags":[],"class_list":["post-71739","post","type-post","status-publish","format-standard","hentry","category-general"],"_links":{"self":[{"href":"https:\/\/plazajuarez.mx\/historico\/wp-json\/wp\/v2\/posts\/71739","targetHints":{"allow":["GET"]}}],"collection":[{"href":"https:\/\/plazajuarez.mx\/historico\/wp-json\/wp\/v2\/posts"}],"about":[{"href":"https:\/\/plazajuarez.mx\/historico\/wp-json\/wp\/v2\/types\/post"}],"author":[{"embeddable":true,"href":"https:\/\/plazajuarez.mx\/historico\/wp-json\/wp\/v2\/users\/93"}],"replies":[{"embeddable":true,"href":"https:\/\/plazajuarez.mx\/historico\/wp-json\/wp\/v2\/comments?post=71739"}],"version-history":[{"count":0,"href":"https:\/\/plazajuarez.mx\/historico\/wp-json\/wp\/v2\/posts\/71739\/revisions"}],"wp:attachment":[{"href":"https:\/\/plazajuarez.mx\/historico\/wp-json\/wp\/v2\/media?parent=71739"}],"wp:term":[{"taxonomy":"category","embeddable":true,"href":"https:\/\/plazajuarez.mx\/historico\/wp-json\/wp\/v2\/categories?post=71739"},{"taxonomy":"post_tag","embeddable":true,"href":"https:\/\/plazajuarez.mx\/historico\/wp-json\/wp\/v2\/tags?post=71739"}],"curies":[{"name":"wp","href":"https:\/\/api.w.org\/{rel}","templated":true}]}}