{"id":71737,"date":"2018-10-06T18:22:58","date_gmt":"2018-10-06T18:22:58","guid":{"rendered":"http:\/\/plazajuarez.mx\/index\/index.php\/2018\/10\/06\/ataque-a-festival-de-reggaeton-deja-3-muertos-en-naucalpan\/"},"modified":"2018-10-06T18:22:58","modified_gmt":"2018-10-06T18:22:58","slug":"ataque-a-festival-de-reggaeton-deja-3-muertos-en-naucalpan","status":"publish","type":"post","link":"https:\/\/plazajuarez.mx\/historico\/ataque-a-festival-de-reggaeton-deja-3-muertos-en-naucalpan\/","title":{"rendered":"Ataque a festival de reggaet\u00f3n deja 3 muertos en Naucalpan"},"content":{"rendered":"<p>En el sitio fueron hallados 38 casquillos percutidos de diferentes calibres.<\/p>\n<p>  <!--more-->  <\/p>\n<p><span style=\"font-weight: 400;\">Con armas largas fue atacado ayer viernes por la noche un sal\u00f3n donde se realizaba un festival de reggaet\u00f3n, en la colonia Benito Ju\u00e1rez, en este municipio; dos hombres murieron frente al establecimiento y una menor de 17 a\u00f1os de edad tambi\u00e9n falleci\u00f3, as\u00ed como al menos seis j\u00f3venes fueron trasladados a hospitales.<\/span><\/p>\n<p><span style=\"font-weight: 400;\">Fuentes locales informaron que alrededor de las 23:00 horas de ayer viernes, individuos que viajaban en motocicletas se apostaron frente a la entrada del sal\u00f3n, localizado en calle Sierra Madre del Norte, en dicha comunidad de Naucalpan, y abrieron fuego contra el local; en el sitio fueron hallados 38 casquillos percutidos de diferentes calibres.<\/span><\/p>\n<p><span style=\"font-weight: 400;\">Agregaron que al parecer en el sitio se presentaba un espect\u00e1culo de reggaet\u00f3n con la participaci\u00f3n del CJ Uzielito Mix, por lo que hab\u00eda decenas de personas, en su gran mayor\u00eda j\u00f3venes.<\/span><\/p>\n<p><span style=\"font-weight: 400;\">Mencionaron que los cuerpos de dos j\u00f3venes, identificados como Sa\u00fal &#8220;N&#8221;, de 22 a\u00f1os de edad, y Octavio &#8220;N&#8221;, de 23 a\u00f1os, quedaron en calle Sierra Madre del Norte; en calle Sierra Zacatecas estaba \u00c1ngela Yael &#8220;N&#8221;, de 17 a\u00f1os, quien tambi\u00e9n muri\u00f3.<\/span><\/p>\n<p><span style=\"font-weight: 400;\">A\u00f1adieron que varios individuos dispararon contra el establecimiento y huyeron a bordo de motocicletas; en el lugar fueron encontrados 38 casquillos percutidos de diversos calibres.<\/span><\/p>\n<p><span style=\"font-weight: 400;\">Afirmaron que al menos seis j\u00f3venes, entre ellos menores de edad, fueron trasladados a hospitales para su atenci\u00f3n m\u00e9dica.<\/span><\/p>\n<p><span style=\"font-weight: 400;\">La Fiscal\u00eda de Justicia del Estado de M\u00e9xico inici\u00f3 la carpeta de investigaci\u00f3n correspondiente para esclarecer los hechos.<\/span><\/p>\n","protected":false},"excerpt":{"rendered":"<p>En el sitio fueron hallados 38 casquillos percutidos de diferentes calibres.<\/p>\n","protected":false},"author":6,"featured_media":0,"comment_status":"open","ping_status":"open","sticky":false,"template":"","format":"standard","meta":{"footnotes":""},"categories":[37],"tags":[],"class_list":["post-71737","post","type-post","status-publish","format-standard","hentry","category-barandilla"],"_links":{"self":[{"href":"https:\/\/plazajuarez.mx\/historico\/wp-json\/wp\/v2\/posts\/71737","targetHints":{"allow":["GET"]}}],"collection":[{"href":"https:\/\/plazajuarez.mx\/historico\/wp-json\/wp\/v2\/posts"}],"about":[{"href":"https:\/\/plazajuarez.mx\/historico\/wp-json\/wp\/v2\/types\/post"}],"author":[{"embeddable":true,"href":"https:\/\/plazajuarez.mx\/historico\/wp-json\/wp\/v2\/users\/6"}],"replies":[{"embeddable":true,"href":"https:\/\/plazajuarez.mx\/historico\/wp-json\/wp\/v2\/comments?post=71737"}],"version-history":[{"count":0,"href":"https:\/\/plazajuarez.mx\/historico\/wp-json\/wp\/v2\/posts\/71737\/revisions"}],"wp:attachment":[{"href":"https:\/\/plazajuarez.mx\/historico\/wp-json\/wp\/v2\/media?parent=71737"}],"wp:term":[{"taxonomy":"category","embeddable":true,"href":"https:\/\/plazajuarez.mx\/historico\/wp-json\/wp\/v2\/categories?post=71737"},{"taxonomy":"post_tag","embeddable":true,"href":"https:\/\/plazajuarez.mx\/historico\/wp-json\/wp\/v2\/tags?post=71737"}],"curies":[{"name":"wp","href":"https:\/\/api.w.org\/{rel}","templated":true}]}}