{"id":71724,"date":"2018-10-06T16:39:33","date_gmt":"2018-10-06T16:39:33","guid":{"rendered":"http:\/\/plazajuarez.mx\/index\/index.php\/2018\/10\/06\/huye-cipriano-charrez-tras-protagonizar-accidente-en-ixmiquilpan\/"},"modified":"2018-10-06T16:39:33","modified_gmt":"2018-10-06T16:39:33","slug":"huye-cipriano-charrez-tras-protagonizar-accidente-en-ixmiquilpan","status":"publish","type":"post","link":"https:\/\/plazajuarez.mx\/historico\/huye-cipriano-charrez-tras-protagonizar-accidente-en-ixmiquilpan\/","title":{"rendered":"Huye Cipriano Charrez tras protagonizar accidente en Ixmiquilpan"},"content":{"rendered":"<p>Una persona muri\u00f3 calcinada.\u00a0<\/p>\n<p>  <!--more-->  <\/p>\n<p>La madrugada de este s\u00e1bado se registr\u00f3 un tr\u00e1gico accidente automovil\u00edstico en cual se vio involucrado el diputado federal de Morena, Cipriano Charrez, quien presuntamente escap\u00f3 del lugar para evadir a las autoridades.<\/p>\n<p>Los hechos ocurrieron en la colonia El Fithzi, en Ixmiquilpan, a la altura del libramiento con El Cardonal, lugar donde cuatro autom\u00f3viles chocaron; entre ellos, la camioneta Ford Raptor modelo 2014, color blanco, en donde viajaba el pol\u00edtico. Trascendi\u00f3 que presuntamente iba en estado de ebriedad.<\/p>\n<p>Al mismo tiempo, otra de las unidades involucradas se incendi\u00f3 y provoc\u00f3 la movilizaci\u00f3n de personal de Protecci\u00f3n Civil y Bomberos, quienes se encargaron de sofocar el fuego. Dentro del veh\u00edculo, de acuerdo con las autoridades, una persona fue encontrada calcinada. Hasta el momento permanece en calidad de desconocida.<\/p>\n<p>En un video que circula en las redes sociales, se logra observar el momento en el que el diputado federal escapa del lugar de los hechos.<\/p>\n<p> <center><\/center><\/p>\n","protected":false},"excerpt":{"rendered":"<p>Una persona muri\u00f3 calcinada.\u00a0<\/p>\n","protected":false},"author":6,"featured_media":0,"comment_status":"open","ping_status":"open","sticky":false,"template":"","format":"standard","meta":{"footnotes":""},"categories":[63],"tags":[],"class_list":["post-71724","post","type-post","status-publish","format-standard","hentry","category-las-camaras"],"_links":{"self":[{"href":"https:\/\/plazajuarez.mx\/historico\/wp-json\/wp\/v2\/posts\/71724","targetHints":{"allow":["GET"]}}],"collection":[{"href":"https:\/\/plazajuarez.mx\/historico\/wp-json\/wp\/v2\/posts"}],"about":[{"href":"https:\/\/plazajuarez.mx\/historico\/wp-json\/wp\/v2\/types\/post"}],"author":[{"embeddable":true,"href":"https:\/\/plazajuarez.mx\/historico\/wp-json\/wp\/v2\/users\/6"}],"replies":[{"embeddable":true,"href":"https:\/\/plazajuarez.mx\/historico\/wp-json\/wp\/v2\/comments?post=71724"}],"version-history":[{"count":0,"href":"https:\/\/plazajuarez.mx\/historico\/wp-json\/wp\/v2\/posts\/71724\/revisions"}],"wp:attachment":[{"href":"https:\/\/plazajuarez.mx\/historico\/wp-json\/wp\/v2\/media?parent=71724"}],"wp:term":[{"taxonomy":"category","embeddable":true,"href":"https:\/\/plazajuarez.mx\/historico\/wp-json\/wp\/v2\/categories?post=71724"},{"taxonomy":"post_tag","embeddable":true,"href":"https:\/\/plazajuarez.mx\/historico\/wp-json\/wp\/v2\/tags?post=71724"}],"curies":[{"name":"wp","href":"https:\/\/api.w.org\/{rel}","templated":true}]}}