{"id":71722,"date":"2018-10-06T15:00:10","date_gmt":"2018-10-06T15:00:10","guid":{"rendered":"http:\/\/plazajuarez.mx\/index\/index.php\/2018\/10\/06\/la-penultima-fake-news-de-bolsonaro\/"},"modified":"2018-10-06T15:00:10","modified_gmt":"2018-10-06T15:00:10","slug":"la-penultima-fake-news-de-bolsonaro","status":"publish","type":"post","link":"https:\/\/plazajuarez.mx\/historico\/la-penultima-fake-news-de-bolsonaro\/","title":{"rendered":"La pen\u00faltima \u2018fake news\u2019 de Bolsonaro"},"content":{"rendered":"<p>\u00a0<\/p>\n<p>\u00a0<\/p>\n<p>No solo la ret\u00f3rica de Bolsonaro recuerda a la de Trump. El manejo de las redes sociales, en muchos casos a trav\u00e9s de noticias falsas que han permeado entre la gente, es equiparable al que alz\u00f3 a la presidencia al hoy presidente de EU. Un tema que se trat\u00f3 brevemente durante la entrevista. \u201cYo no tengo control de los millones de personas que me siguen\u201d<\/p>\n<p>  <!--more-->  <\/p>\n<p>\u00a0<\/p>\n<p>La maquinaria de fake news de Jair Bolsonaro alcanz\u00f3 el jueves su cl\u00edmax con la primera entrevista que el favorito en las presidenciales brasile\u00f1as concedi\u00f3 tras recibir el alta hospitalaria.<\/p>\n<p>Bolsonaro se aprovech\u00f3 de una televisi\u00f3n amiga, propiedad de un obispo evang\u00e9lico, para tratar de humanizar su retr\u00f3grado perfil a tres d\u00edas de que los brasile\u00f1os acudan a las urnas, mientras no deja de crecer en las encuestas. Lo hizo a la misma hora en que, en la principal cadena de televisi\u00f3n, el resto de sus rivales se bat\u00eda en un tedioso \u00faltimo debate.<\/p>\n<p>Bolsonaro, erigido en una mezcla de Donald Trump y Rodrigo Duterte, mostr\u00f3 su lado m\u00e1s contenido para diseccionar sus intenciones, una suerte de Make Brazil great again, con continuos ataques al Partido de los Trabajadores (PT), que gobern\u00f3 el pa\u00eds durante 13 de los \u00faltimos 15 a\u00f1os \u2013con Lula y Dilma Rousseff- y a cuyo candidato, Fernando Haddad \u2013designado por Lula desde la c\u00e1rcel\u2013 tach\u00f3 de \u201cfantoche\u201d.<\/p>\n<p>Gracias a una serie de preguntas amables y t\u00edmidas repreguntas, Bolsonaro hizo amago de abordar las grandes pol\u00e9micas que han rodeado su campa\u00f1a, como su abultado historial de insultos machistas, hom\u00f3fobos y racistas y salidas de tono. \u201c\u00bfD\u00f3nde hay v\u00eddeo de eso?\u201d, pregunt\u00f3.<\/p>\n<p>Aleg\u00f3 que buena parte de esas frases son paparruchas de imitadores que se distribuyen por redes sociales; es decir, fake news (creadas, dio a entender, por el PT). En realidad, hay v\u00eddeos y testimonios de sobra de sus momentos m\u00e1s zafios.<\/p>\n<p>Lejos de tener que responder por ellos, solo admiti\u00f3 uno, el cual est\u00e1 tan probado que Bolsonaro tuvo que pagar una multa por \u00e9l: en 2003, le dijo en televisi\u00f3n a una diputada: \u201cA ti no te violar\u00eda porque no te lo mereces\u201d. Este jueves, lejos de retirar lo dicho, lo justific\u00f3: \u201cEs que esa mujer estaba defendiendo a un violador\u201d.<\/p>\n<p>Lo m\u00e1s destacado de la condescendiente entrevista no fue el contenido, sino la puesta en escena. Pese a estar grabada, la charla fue interrumpida en dos ocasiones con la aparici\u00f3n de un supuesto m\u00e9dico \u2013negro, porque tambi\u00e9n hab\u00eda que alivianar su manifiesto racismo- que record\u00f3 a Bolsonaro que no pod\u00eda hablar mucho tiempo seguido para no agotarse.<\/p>\n<p>El aspirante presidencial recibi\u00f3 el alta m\u00e9dica el pasado s\u00e1bado despu\u00e9s de permanecer tres semanas en el hospital tras la pu\u00f1alada que recibi\u00f3 de un lun\u00e1tico durante su gira como candidato.<\/p>\n","protected":false},"excerpt":{"rendered":"<p>\u00a0 \u00a0 No solo la ret\u00f3rica de Bolsonaro recuerda a la de Trump. El manejo de las redes sociales, en muchos casos a trav\u00e9s de noticias falsas que han permeado entre la gente, es equiparable al que alz\u00f3 a la presidencia al hoy presidente de EU. Un tema que se trat\u00f3 brevemente durante la entrevista. [&hellip;]<\/p>\n","protected":false},"author":3,"featured_media":0,"comment_status":"open","ping_status":"open","sticky":false,"template":"","format":"standard","meta":{"footnotes":""},"categories":[31],"tags":[],"class_list":["post-71722","post","type-post","status-publish","format-standard","hentry","category-orbe"],"_links":{"self":[{"href":"https:\/\/plazajuarez.mx\/historico\/wp-json\/wp\/v2\/posts\/71722","targetHints":{"allow":["GET"]}}],"collection":[{"href":"https:\/\/plazajuarez.mx\/historico\/wp-json\/wp\/v2\/posts"}],"about":[{"href":"https:\/\/plazajuarez.mx\/historico\/wp-json\/wp\/v2\/types\/post"}],"author":[{"embeddable":true,"href":"https:\/\/plazajuarez.mx\/historico\/wp-json\/wp\/v2\/users\/3"}],"replies":[{"embeddable":true,"href":"https:\/\/plazajuarez.mx\/historico\/wp-json\/wp\/v2\/comments?post=71722"}],"version-history":[{"count":0,"href":"https:\/\/plazajuarez.mx\/historico\/wp-json\/wp\/v2\/posts\/71722\/revisions"}],"wp:attachment":[{"href":"https:\/\/plazajuarez.mx\/historico\/wp-json\/wp\/v2\/media?parent=71722"}],"wp:term":[{"taxonomy":"category","embeddable":true,"href":"https:\/\/plazajuarez.mx\/historico\/wp-json\/wp\/v2\/categories?post=71722"},{"taxonomy":"post_tag","embeddable":true,"href":"https:\/\/plazajuarez.mx\/historico\/wp-json\/wp\/v2\/tags?post=71722"}],"curies":[{"name":"wp","href":"https:\/\/api.w.org\/{rel}","templated":true}]}}