{"id":71719,"date":"2018-10-06T14:57:34","date_gmt":"2018-10-06T14:57:34","guid":{"rendered":"http:\/\/plazajuarez.mx\/index\/index.php\/2018\/10\/06\/afirma-amlo-que-frenara-fracking\/"},"modified":"2018-10-06T14:57:34","modified_gmt":"2018-10-06T14:57:34","slug":"afirma-amlo-que-frenara-fracking","status":"publish","type":"post","link":"https:\/\/plazajuarez.mx\/historico\/afirma-amlo-que-frenara-fracking\/","title":{"rendered":"Afirma AMLO que frenar\u00e1 &#8220;fracking&#8221;"},"content":{"rendered":"<p>\u00a0<\/p>\n<p>Los primeros reclamos que recibi\u00f3 el mandatario electo fueron hacia Gabino Morales Mendoza, futuro coordinador del Gobierno Federal en la entidad, y Sergio Serrano Soriano, dirigente estatal de Morena, quienes fueron acusados de no tomar en cuenta a los antiguos miembros de ese partido en la entidad y de favorecer a otros personajes ajenos al instituto pol\u00edtico.<\/p>\n<p>  <!--more-->  <\/p>\n<p>\u00a0<\/p>\n<p>SAN LUIS POTOS\u00cd, SLP.- Andr\u00e9s Manuel L\u00f3pez Obrador, afirm\u00f3 que frenar\u00e1 el &#8220;fracking&#8221; como m\u00e9todo para explorar petr\u00f3leo y gas en todo el pa\u00eds. &#8220;No vamos a utilizar el famoso fracking para explotar el petr\u00f3leo, no vamos a usar esos m\u00e9todos de extracci\u00f3n de petr\u00f3leo, de gas; eso no se va a aplicar&#8221;, expres\u00f3.<\/p>\n<p>Tras reunirse con el gobernador, Juan Manuel Carreras, explic\u00f3 que llevar\u00e1 tiempo la descentralizaci\u00f3n de la Comisi\u00f3n Federal de Electricidad hacia esta entidad. Pero quedar\u00e1 concluido antes de que termine la administraci\u00f3n de Carreras en 2021.<\/p>\n<p>ENTRE PORRAS Y RECLAMOS RECIBEN A AMLO EN SLP<\/p>\n<p>San Luis Potos\u00ed. Andr\u00e9s Manuel L\u00f3pez Obrador arrib\u00f3 a San Luis Potos\u00ed en vuelo comercial como parte de su gira de agradecimiento. En el aeropuerto fue recibido por Juan Manuel Carreras L\u00f3pez, gobernador del Estado. Ambos sostuvieron una reuni\u00f3n privada.<\/p>\n<p>Tambi\u00e9n lo esperaban ciudadanos que le entregaron cartas con peticiones y otros con reclamos contra Gabino Morales y Sergio Serrano, funcionarios del Comit\u00e9 Directivo Estatal del partido Morena, peticiones que recibi\u00f3 y prometi\u00f3 atender; varios ciudadanos lo recibieron con porras y otros ped\u00edan una fotograf\u00eda.<\/p>\n<p>PIDE S\u00c1NCHEZ CORDERO REVISAR \u00d3RGANOS DE TRANSPARENCIA<\/p>\n<p>La labor de los \u00f3rganos de transparencia del pa\u00eds debe ser revisada para que las pol\u00edticas de rendici\u00f3n de cuentas se cumplan de fondo, y no s\u00f3lo en la forma, y se fomente una cultura en donde la reserva de la informaci\u00f3n sea un acto verdaderamente excepcional, ya que de esa manera se podr\u00eda restaurar el estado de derecho y recuperar la confianza de los ciudadanos en las instituciones, afirm\u00f3 la pr\u00f3xima titular de la Secretar\u00eda de Gobernaci\u00f3n, Olga S\u00e1nchez Cordero.<\/p>\n<p>La ex ministra de la Suprema Corte imparti\u00f3 una conferencia magistral en la cual resalt\u00f3 la importancia de la creaci\u00f3n de leyes e instituciones en materia de acceso a la informaci\u00f3n p\u00fablica. Subray\u00f3 que ese aparato legal debe reformarse para que funcione mejor.<\/p>\n<p>\u201cDesde la perspectiva del nuevo gobierno, se deben revisar las instancias relacionadas con la transparencia y rendici\u00f3n de cuentas del gobierno federal, incluyendo los \u00f3rganos aut\u00f3nomos, con la finalidad de redise\u00f1ar la Administraci\u00f3n P\u00fablica Federal, no s\u00f3lo para evitar la duplicidad de funciones, sino para lograr mayor contundencia en la informaci\u00f3n transparentada\u201d, afirm\u00f3.<\/p>\n<p>Seg\u00fan S\u00e1nchez Cordero, la tendencia internacional de \u201cciudadanizar\u201d al gobierno y volverlo transparente ha provocado dos problemas en M\u00e9xico: \u201cuna mayor preocupaci\u00f3n por las formas, pero se ha desatendido el fondo; y un aumento en la burocracia por la proliferaci\u00f3n desordenada de instancias y pol\u00edticas encaminadas al gobierno abierto, con el correspondiente costo y confusi\u00f3n de las responsabilidades. Uno de los encargos principales del nuevo gobierno ser\u00e1 corregir estas deficiencias\u201d.<\/p>\n","protected":false},"excerpt":{"rendered":"<p>\u00a0 Los primeros reclamos que recibi\u00f3 el mandatario electo fueron hacia Gabino Morales Mendoza, futuro coordinador del Gobierno Federal en la entidad, y Sergio Serrano Soriano, dirigente estatal de Morena, quienes fueron acusados de no tomar en cuenta a los antiguos miembros de ese partido en la entidad y de favorecer a otros personajes ajenos [&hellip;]<\/p>\n","protected":false},"author":3,"featured_media":0,"comment_status":"open","ping_status":"open","sticky":false,"template":"","format":"standard","meta":{"footnotes":""},"categories":[36],"tags":[],"class_list":["post-71719","post","type-post","status-publish","format-standard","hentry","category-nacion"],"_links":{"self":[{"href":"https:\/\/plazajuarez.mx\/historico\/wp-json\/wp\/v2\/posts\/71719","targetHints":{"allow":["GET"]}}],"collection":[{"href":"https:\/\/plazajuarez.mx\/historico\/wp-json\/wp\/v2\/posts"}],"about":[{"href":"https:\/\/plazajuarez.mx\/historico\/wp-json\/wp\/v2\/types\/post"}],"author":[{"embeddable":true,"href":"https:\/\/plazajuarez.mx\/historico\/wp-json\/wp\/v2\/users\/3"}],"replies":[{"embeddable":true,"href":"https:\/\/plazajuarez.mx\/historico\/wp-json\/wp\/v2\/comments?post=71719"}],"version-history":[{"count":0,"href":"https:\/\/plazajuarez.mx\/historico\/wp-json\/wp\/v2\/posts\/71719\/revisions"}],"wp:attachment":[{"href":"https:\/\/plazajuarez.mx\/historico\/wp-json\/wp\/v2\/media?parent=71719"}],"wp:term":[{"taxonomy":"category","embeddable":true,"href":"https:\/\/plazajuarez.mx\/historico\/wp-json\/wp\/v2\/categories?post=71719"},{"taxonomy":"post_tag","embeddable":true,"href":"https:\/\/plazajuarez.mx\/historico\/wp-json\/wp\/v2\/tags?post=71719"}],"curies":[{"name":"wp","href":"https:\/\/api.w.org\/{rel}","templated":true}]}}