{"id":71427,"date":"2018-10-02T11:10:37","date_gmt":"2018-10-02T11:10:37","guid":{"rendered":"http:\/\/plazajuarez.mx\/index\/index.php\/2018\/10\/02\/futbol-nacional-1172\/"},"modified":"2018-10-02T11:10:37","modified_gmt":"2018-10-02T11:10:37","slug":"futbol-nacional-1172","status":"publish","type":"post","link":"https:\/\/plazajuarez.mx\/historico\/futbol-nacional-1172\/","title":{"rendered":"Futbol Nacional"},"content":{"rendered":"<p>Ex deportistas que dieron el salto a la pol\u00edtica<br \/>\u00a0\u00a0 \u00a0\u2022\u00a0\u00a0 \u00a0AYER ANUNCI\u00d3 \u00a0CUAUHT\u00c8MOC BLANCO \u00a0que sus ex compa\u00f1eros en las \u00c1guilas, Germ\u00e1n Villa e Isaac Terrazas, formar\u00e1n parte de su \u00a0gabinete \u2028<\/p>\n<p>  <!--more-->  <\/p>\n<p>Cuauht\u00e9moc Blanco \u00a0tom\u00f3 ayer posesi\u00f3n como gobernador del estado de Morelos. El ex delantero del Am\u00e9rica y la Selecci\u00f3n Nacional Mexicana puso, adem\u00e1s, a sus ex compa\u00f1eros en las \u00c1guilas, Germ\u00e1n Villa e Isaac Terrazas, en su gabinete; al primero como director estatal del Instituto del Deporte y al segundo como director del fideicomiso del Estadio Agust\u00edn &#8220;Coruco&#8221; D\u00edaz, ambos sin la m\u00ednima preparaci\u00f3n en estos menesteres.\u00a0\u2028En su equipo de trabajo, hubo lugar para el ex \u00e1rbitro Gilberto Alcal\u00e1, quien se desempe\u00f1ar\u00e1 como secretario de Desarrollo Social, y que cuenta con amplia experiencia pol\u00edtica.\u2028Blanco no es el primer deportista de alto rendimiento que da el salto a la pol\u00edtica, pero a diferencia de sus colegas que han sido diputados o directores de la Comisi\u00f3n Nacional del Deporte, el &#8220;Cuauh&#8221; le tir\u00f3 a la grande y ahora hay que llamarle se\u00f1or gobernador Cuauht\u00e9moc.\u2028Estos son algunos de los deportistas que se volvieron pol\u00edticos:\u00a0\u2028Ana Guevara: la ex velocista, medalla de plata en Atenas 2004, encabez\u00f3 el Instituto del Deporte de la Ciudad de M\u00e9xico durante el gobierno de Marcelo Ebrard, actualmente es Senadora por el Partido del Trabajo y ser\u00e1 nombrada como directora de la Conade en el pr\u00f3ximo gobierno federal.\u2028Manuel Negrete: despu\u00e9s de varias pol\u00e9micas electorales, el mundialista en M\u00e9xico 1986, tom\u00f3 el cargo de alcalde de Coyoac\u00e1n.\u00a0\u2028Carlos Hermosillo: el m\u00e1ximo goleador mexicano de la Liga, ingres\u00f3 a la Conade como subdirector del Deporte y en el 2006 asume como director bajo el mandato de Felipe Calder\u00f3n.\u2028Fernando Platas: medallista de plata en Sidney 2000 en la prueba de plataforma de tres metros fue titular de la Direcci\u00f3n General de Cultura F\u00edsica y Deporte en el gobierno de Eruviel \u00c1vila en el Estado de M\u00e9xico.\u2028Jes\u00fas Mena: otro ex clavadista y medallista ol\u00edmpico, Jes\u00fas Mena, fue director del deporte en el Estado de M\u00e9xico para despu\u00e9s convertirse en director de la Conade.\u00a0\u2028Felipe Mu\u00f1oz: el Tibio&#8221;, figura en los Ol\u00edmpicos de 1968, fue diputado por el PRI desde 1979 y presidente de la Confederaci\u00f3n Deportiva Mexicana de 1995 al 2001.\u2028Iridia Salazar: la ex taekwondista, medalla de bronce en los Juegos Ol\u00edmpicos de Atenas 2004, fue diputada por el Distrito VIII de Michoac\u00e1n en el 2011\u00a0\u2028Ra\u00fal Mac\u00edas: El &#8220;Rat\u00f3n&#8221;, boxeador e \u00eddolo nacional en los 50, fue diputado suplente por el Partido Revolucionario Institucional.<br \/>Tres canteranos \u00c1guilas al gobierno de Morelos<\/p>\n<p>\u00a0Eran tiempos en que la cantera del Club Am\u00e9rica funcionaba como tal, tiempos en donde las fuerzas b\u00e1sicas alimentaban al equipo mayor y hubo algunos chicos que hicieron historia.\u2028Temporada 1991-92, Am\u00e9rica le gana a Pumas de visita 0-2 en la jornada cinco. Paulo Roberto Falcao, decide debutar, como lateral derecho, a un joven defensa del barrio de Naucalpan, de nombre Isaac Terrazas.\u2028Jornadas m\u00e1s adelante, las \u00c1guilas reciben al Le\u00f3n y Roberto &#8220;Monito&#8221; Rodr\u00edguez, eterno auxiliar en los azulcremas, manda a la cancha como titular a un tal Germ\u00e1n Villa. Muchacho robusto de poca t\u00e9cnica pero mucha lucha en la media cancha. En ese torneo, s\u00f3lo jugar\u00eda un partido m\u00e1s.\u2028En la siguiente campa\u00f1a, bajo el mando del argentino, Miguel \u00c1ngel L\u00f3pez, Cuauht\u00e9moc Blanco, proveniente de Tepito, hace su debut profesional, jugando 37 minutos ante el Morelia. El joven delantero de gran velocidad y t\u00e9cnica, tardar\u00eda en afianzarse, pero la tercia se hab\u00eda completado.\u00a0\u2028Villa, Terrazas y Blanco se volvieron inseparables en Coapa, siendo muy parecidos en lo que a su origen se refer\u00eda y a su car\u00e1cter iracundo dentro del terreno de juego.\u2028Los hilos que se mueven en el futbol los hizo separarse, pero la amistad sigui\u00f3 en sus convocatorias con la Selecci\u00f3n Nacional, siendo llamados los tres al Mundial de Francia 1998.\u2028Los a\u00f1os pasaron y el mismo bal\u00f3n que los uni\u00f3 los hizo retirarse; mas ahora el destino los volvi\u00f3 a juntar como en Coapa, pero ahora en el gobierno del estado de Morelos, &#8220;el Cuauh&#8221; como gobernador; Villa como director del deporte del estado y Terrazas al frente del fideicomiso del estadio Luis &#8220;Coruco&#8221; D\u00edaz.<\/p>\n","protected":false},"excerpt":{"rendered":"<p>Ex deportistas que dieron el salto a la pol\u00edtica\u00a0\u00a0 \u00a0\u2022\u00a0\u00a0 \u00a0AYER ANUNCI\u00d3 \u00a0CUAUHT\u00c8MOC BLANCO \u00a0que sus ex compa\u00f1eros en las \u00c1guilas, Germ\u00e1n Villa e Isaac Terrazas, formar\u00e1n parte de su \u00a0gabinete \u2028<\/p>\n","protected":false},"author":93,"featured_media":0,"comment_status":"open","ping_status":"open","sticky":false,"template":"","format":"standard","meta":{"footnotes":""},"categories":[39],"tags":[],"class_list":["post-71427","post","type-post","status-publish","format-standard","hentry","category-deportiva"],"_links":{"self":[{"href":"https:\/\/plazajuarez.mx\/historico\/wp-json\/wp\/v2\/posts\/71427","targetHints":{"allow":["GET"]}}],"collection":[{"href":"https:\/\/plazajuarez.mx\/historico\/wp-json\/wp\/v2\/posts"}],"about":[{"href":"https:\/\/plazajuarez.mx\/historico\/wp-json\/wp\/v2\/types\/post"}],"author":[{"embeddable":true,"href":"https:\/\/plazajuarez.mx\/historico\/wp-json\/wp\/v2\/users\/93"}],"replies":[{"embeddable":true,"href":"https:\/\/plazajuarez.mx\/historico\/wp-json\/wp\/v2\/comments?post=71427"}],"version-history":[{"count":0,"href":"https:\/\/plazajuarez.mx\/historico\/wp-json\/wp\/v2\/posts\/71427\/revisions"}],"wp:attachment":[{"href":"https:\/\/plazajuarez.mx\/historico\/wp-json\/wp\/v2\/media?parent=71427"}],"wp:term":[{"taxonomy":"category","embeddable":true,"href":"https:\/\/plazajuarez.mx\/historico\/wp-json\/wp\/v2\/categories?post=71427"},{"taxonomy":"post_tag","embeddable":true,"href":"https:\/\/plazajuarez.mx\/historico\/wp-json\/wp\/v2\/tags?post=71427"}],"curies":[{"name":"wp","href":"https:\/\/api.w.org\/{rel}","templated":true}]}}