{"id":71424,"date":"2018-10-02T11:06:58","date_gmt":"2018-10-02T11:06:58","guid":{"rendered":"http:\/\/plazajuarez.mx\/index\/index.php\/2018\/10\/02\/desinteres-y-falta-de-resultados-de-algunos-regidores-reclaman-pobladores\/"},"modified":"2018-10-02T11:06:58","modified_gmt":"2018-10-02T11:06:58","slug":"desinteres-y-falta-de-resultados-de-algunos-regidores-reclaman-pobladores","status":"publish","type":"post","link":"https:\/\/plazajuarez.mx\/historico\/desinteres-y-falta-de-resultados-de-algunos-regidores-reclaman-pobladores\/","title":{"rendered":"\u201cDesinter\u00e9s y falta de resultados de algunos regidores\u201d, reclaman pobladores"},"content":{"rendered":"<p>Atitalaquia<\/p>\n<p>\u00a0\u00a0 \u00a0\u2022\u00a0\u00a0 \u00a0Exigen la separaci\u00f3n de regidores indolentes y faltistas: \u201cNo es posible que no asistan a las sesiones ni a las mesas de trabajo cuando est\u00e1n percibiendo un salario\u201d\u2028<br \/>\u00a0<br \/>Dan a los regidores un ultim\u00e1tum de que, a m\u00e1s tardar a finales del mes de octubre, tendr\u00e1 que estar aprobado el reglamento interno del Ayuntamiento para sancionar a los faltistas y que de no acatarlo el regidor Eduardo Reyes o cualquier otro miembro la poblaci\u00f3n, emprender\u00e1 acciones para separarlos del cargo.<\/p>\n<p>  <!--more-->  <\/p>\n<p>Pobladores de la cabecera municipal y comunidades aleda\u00f1as expresaron su enojo y malestar por la falta de resultados de los miembros de la Asamblea Municipal, por lo que exigieron la separaci\u00f3n del cargo de los regidores faltistas, ya que dijeron que no es posible que no asistan a las sesiones ni a las mesas de trabajo cuando est\u00e1n percibiendo un salario.<br \/>\u00a0<br \/>El grupo de vecinos se\u00f1al\u00f3 que en d\u00edas pasados acudieron a la alcald\u00eda para expresar su malestar, pues consideran que no es posible que se le pague a los supuestos servidores p\u00fablicos, cuando lo menos que hacen es servir al pueblo, debido a que nunca est\u00e1n presentes para atender las problem\u00e1ticas que enfrenta el municipio, pero siempre est\u00e1n presentes para cobrar su salario.<br \/>\u00a0<br \/>Dijeron que en la reuni\u00f3n que sostuvieron con ocho de los 11 miembros del Ayuntamiento, les exigieron trabajar en la creaci\u00f3n de un reglamento interno, de manera que se establezcan sanciones para los regidores faltistas o de lo contrario se aplique la normativa de la Ley Org\u00e1nica Municipal.<br \/>\u00a0<br \/>Los pobladores puntualizaron que entre los regidores que faltan constantemente, se encuentra el panista Eduardo Reyes Vargas a quien acusaron de no atender las comisiones de las que forma parte, adem\u00e1s de que no acude a las sesiones, ni a las mesas de trabajo y menos a las audiencias p\u00fablicas.<br \/>\u00a0<br \/>Los inconformes recalcaron que el llamado es para todos los miembros de la Asamblea Municipal, ya que de continuar con la falta de resultados emprender\u00e1n algunas otras acciones como tomar la alcald\u00eda y exhibir a quienes no desquitan con trabajo lo que perciben.<br \/>\u00a0<br \/>Los pobladores comentaron que otro de los temas que han estado cuestionando a la administraci\u00f3n es el destino de los 16 millones de pesos que ingresaron a la Tesorer\u00eda del pago que realiz\u00f3 la empresa TransCanada por concepto del paso del gasoducto.<br \/>\u00a0<\/p>\n","protected":false},"excerpt":{"rendered":"<p>Atitalaquia \u00a0\u00a0 \u00a0\u2022\u00a0\u00a0 \u00a0Exigen la separaci\u00f3n de regidores indolentes y faltistas: \u201cNo es posible que no asistan a las sesiones ni a las mesas de trabajo cuando est\u00e1n percibiendo un salario\u201d\u2028\u00a0Dan a los regidores un ultim\u00e1tum de que, a m\u00e1s tardar a finales del mes de octubre, tendr\u00e1 que estar aprobado el reglamento interno del [&hellip;]<\/p>\n","protected":false},"author":93,"featured_media":0,"comment_status":"open","ping_status":"open","sticky":false,"template":"","format":"standard","meta":{"footnotes":""},"categories":[40],"tags":[],"class_list":["post-71424","post","type-post","status-publish","format-standard","hentry","category-region"],"_links":{"self":[{"href":"https:\/\/plazajuarez.mx\/historico\/wp-json\/wp\/v2\/posts\/71424","targetHints":{"allow":["GET"]}}],"collection":[{"href":"https:\/\/plazajuarez.mx\/historico\/wp-json\/wp\/v2\/posts"}],"about":[{"href":"https:\/\/plazajuarez.mx\/historico\/wp-json\/wp\/v2\/types\/post"}],"author":[{"embeddable":true,"href":"https:\/\/plazajuarez.mx\/historico\/wp-json\/wp\/v2\/users\/93"}],"replies":[{"embeddable":true,"href":"https:\/\/plazajuarez.mx\/historico\/wp-json\/wp\/v2\/comments?post=71424"}],"version-history":[{"count":0,"href":"https:\/\/plazajuarez.mx\/historico\/wp-json\/wp\/v2\/posts\/71424\/revisions"}],"wp:attachment":[{"href":"https:\/\/plazajuarez.mx\/historico\/wp-json\/wp\/v2\/media?parent=71424"}],"wp:term":[{"taxonomy":"category","embeddable":true,"href":"https:\/\/plazajuarez.mx\/historico\/wp-json\/wp\/v2\/categories?post=71424"},{"taxonomy":"post_tag","embeddable":true,"href":"https:\/\/plazajuarez.mx\/historico\/wp-json\/wp\/v2\/tags?post=71424"}],"curies":[{"name":"wp","href":"https:\/\/api.w.org\/{rel}","templated":true}]}}