{"id":71415,"date":"2018-10-01T23:28:23","date_gmt":"2018-10-01T23:28:23","guid":{"rendered":"http:\/\/plazajuarez.mx\/index\/index.php\/2018\/10\/01\/lamentable-los-linchamientos-en-metepec-ofm\/"},"modified":"2018-10-01T23:28:23","modified_gmt":"2018-10-01T23:28:23","slug":"lamentable-los-linchamientos-en-metepec-ofm","status":"publish","type":"post","link":"https:\/\/plazajuarez.mx\/historico\/lamentable-los-linchamientos-en-metepec-ofm\/","title":{"rendered":"Lamentable, los linchamientos en Metepec: OFM"},"content":{"rendered":"<p>\u00a0<\/p>\n<p><span style=\"font-weight: 400;\">El gobernador declara que ya se est\u00e1n investigando los hechos, y afirma que el\u00a0<\/span><span style=\"font-weight: 400;\">principal causal, las fake news en las redes sociales.<\/span><\/p>\n<p>  <!--more-->  <\/p>\n<p>\u00a0<\/p>\n<p><span style=\"font-weight: 400;\">A ra\u00edz de los acontecimientos en el municipio de Metepec, en el que se registr\u00f3 un linchamiento en contra de cuatro personas, resultando en la muerte de una de ellas, el gobernador Omar Fayad Meneses catalog\u00f3 estas acciones como lamentables, adem\u00e1s que se\u00f1al\u00f3 que ya se est\u00e1 investigando para deslindar responsabilidades.<\/span><\/p>\n<p><span style=\"font-weight: 400;\">Declar\u00f3 que gir\u00f3 la instrucci\u00f3n a la Procuradur\u00eda General de Justicia del Estado de Hidalgo (PGJEH) para que realice las investigaciones pertinentes a profundidad, y declar\u00f3 que, como en los casos similares, se tiene actualmente un problema de circulaci\u00f3n de informaci\u00f3n falsa a trav\u00e9s de las redes sociales, generalmente asociada a presuntos robos de menores.<\/span><\/p>\n<p><span style=\"font-weight: 400;\">Ante esto, se\u00f1al\u00f3 que este tipo de informaci\u00f3n genera una especie de psicosis colectiva, especialmente en la zona centro de M\u00e9xico, calificando la transmisi\u00f3n de noticias falsas como \u201cun acto irresponsable\u201d, por lo que extern\u00f3 un llamado a la Polic\u00eda Cibern\u00e9tica de la Polic\u00eda Federal a determinar qui\u00e9n est\u00e1 generando esta cadena de informaci\u00f3n ap\u00f3crifa que provoca esta psicosis.<\/span><\/p>\n<p><span style=\"font-weight: 400;\">Por otro lado, recalc\u00f3 la responsabilidad de la PGJEH de investigar los hechos acaecidos el pasado viernes, ya que se\u00f1al\u00f3 que \u201clas comunidades no pueden hacerse justicia por su propia mano\u201d, y puntualiz\u00f3 que los presuntos responsables de conductas sospechosas que no estaban probadas ya se encontraban en manos de las autoridades, aspecto que asever\u00f3, no se tom\u00f3 en cuenta. .<\/span><\/p>\n<p><span style=\"font-weight: 400;\">A\u00f1adi\u00f3 que, teniendo en cuenta estos antecedentes, se investigar\u00e1 a fondo \u201cporque no deber\u00edan estar en manos de la comunidad, si ten\u00edan dudas, para eso estaba la autoridad municipal, y si a estas autoridades no les satisface, debieron de remitirlo a la autoridad estatal, y nosotros hubi\u00e9ramos aclarado la situaci\u00f3n, pero tampoco se vale hacer justicia por propia mano\u201d, sentenci\u00f3.<\/span><\/p>\n<p><span style=\"font-weight: 400;\">Refiri\u00f3 que \u201ces tan crimen y tan delito ser un delincuente y tratar de cometerlo en una comunidad, as\u00ed como una comunidad los asesine sin pruebas\u201d, y por este motivo, asinti\u00f3 que este fen\u00f3meno merece ser analizado y las autoridades con la obligaci\u00f3n de actuar para determinar a los presuntos responsables de este linchamiento por medio de las investigaciones; por lo que adelant\u00f3 que se tendr\u00e1n repercusiones.<\/span><\/p>\n","protected":false},"excerpt":{"rendered":"<p>\u00a0 El gobernador declara que ya se est\u00e1n investigando los hechos, y afirma que el\u00a0principal causal, las fake news en las redes sociales.<\/p>\n","protected":false},"author":6,"featured_media":0,"comment_status":"open","ping_status":"open","sticky":false,"template":"","format":"standard","meta":{"footnotes":""},"categories":[59],"tags":[],"class_list":["post-71415","post","type-post","status-publish","format-standard","hentry","category-general"],"_links":{"self":[{"href":"https:\/\/plazajuarez.mx\/historico\/wp-json\/wp\/v2\/posts\/71415","targetHints":{"allow":["GET"]}}],"collection":[{"href":"https:\/\/plazajuarez.mx\/historico\/wp-json\/wp\/v2\/posts"}],"about":[{"href":"https:\/\/plazajuarez.mx\/historico\/wp-json\/wp\/v2\/types\/post"}],"author":[{"embeddable":true,"href":"https:\/\/plazajuarez.mx\/historico\/wp-json\/wp\/v2\/users\/6"}],"replies":[{"embeddable":true,"href":"https:\/\/plazajuarez.mx\/historico\/wp-json\/wp\/v2\/comments?post=71415"}],"version-history":[{"count":0,"href":"https:\/\/plazajuarez.mx\/historico\/wp-json\/wp\/v2\/posts\/71415\/revisions"}],"wp:attachment":[{"href":"https:\/\/plazajuarez.mx\/historico\/wp-json\/wp\/v2\/media?parent=71415"}],"wp:term":[{"taxonomy":"category","embeddable":true,"href":"https:\/\/plazajuarez.mx\/historico\/wp-json\/wp\/v2\/categories?post=71415"},{"taxonomy":"post_tag","embeddable":true,"href":"https:\/\/plazajuarez.mx\/historico\/wp-json\/wp\/v2\/tags?post=71415"}],"curies":[{"name":"wp","href":"https:\/\/api.w.org\/{rel}","templated":true}]}}