{"id":71414,"date":"2018-10-01T23:03:39","date_gmt":"2018-10-01T23:03:39","guid":{"rendered":"http:\/\/plazajuarez.mx\/index\/index.php\/2018\/10\/01\/reportan-sismo-de-magnitud-5-7-en-arriaga-chiapas\/"},"modified":"2018-10-01T23:03:39","modified_gmt":"2018-10-01T23:03:39","slug":"reportan-sismo-de-magnitud-5-7-en-arriaga-chiapas","status":"publish","type":"post","link":"https:\/\/plazajuarez.mx\/historico\/reportan-sismo-de-magnitud-5-7-en-arriaga-chiapas\/","title":{"rendered":"Reportan sismo de magnitud 5.7 en Arriaga, Chiapas"},"content":{"rendered":"<h1>\u00a0<\/h1>\n<p><span style=\"font-weight: 400;\">El titular de la Secretar\u00eda de Protecci\u00f3n Civil de la Ciudad de M\u00e9xico, Fausto Lugo, confirm\u00f3 que el sismo se percibi\u00f3 en algunas zonas de la Ciudad de M\u00e9xico.<\/span><\/p>\n<p>  <!--more-->  <\/p>\n<p><span style=\"font-weight: 400;\">La tarde de este lunes se registr\u00f3 un sismo en las costas de Chiapas, de magnitud preliminar 5.7 grados en el municipio de Arriaga.<\/span><\/p>\n<p><span style=\"font-weight: 400;\">El Servicio Sismol\u00f3gico Nacional inform\u00f3, a trav\u00e9s de su cuenta de Twitter, que el movimiento ocurri\u00f3 a las 16:43 horas, al noroeste de la localidad.<\/span><\/p>\n<p><span style=\"font-weight: 400;\">El titular de Protecci\u00f3n Civil de la Secretar\u00eda de Gobernaci\u00f3n, Alfonso Navarrete Prida, inform\u00f3 que ya se activaron los protocolos de emergencia ante la contingencia.<\/span><\/p>\n<p><span style=\"font-weight: 400;\">El sismo fue percibido en Oaxaca, Tabasco, Veracruz, Puebla y al sur de la Ciudad de M\u00e9xico.<\/span><\/p>\n<p><span style=\"font-weight: 400;\">Minutos antes, tambi\u00e9n se registr\u00f3 un sismo de magnitud 4.2 al sur del municipio de Ometepec, en Guerrero.<\/span><\/p>\n<p><span style=\"font-weight: 400;\">El titular de la Secretar\u00eda de Protecci\u00f3n Civil de la Ciudad de M\u00e9xico, Fausto Lugo, confirm\u00f3 que el sismo se percibi\u00f3 en algunas zonas de la Ciudad de M\u00e9xico.<\/span><\/p>\n<p><span style=\"font-weight: 400;\">A trav\u00e9s de cuenta de Twitter, Lugo public\u00f3 que no se reportan incidentes a consecuencia del movimiento.<\/span><\/p>\n<p>Por el mismo medio, el secretario de Gobernaci\u00f3n, Alfonso Navarrete Prida, inform\u00f3 que ya se activaron los protocolos de emergencia ante la contingencia.<\/p>\n","protected":false},"excerpt":{"rendered":"<p>\u00a0 El titular de la Secretar\u00eda de Protecci\u00f3n Civil de la Ciudad de M\u00e9xico, Fausto Lugo, confirm\u00f3 que el sismo se percibi\u00f3 en algunas zonas de la Ciudad de M\u00e9xico.<\/p>\n","protected":false},"author":6,"featured_media":0,"comment_status":"open","ping_status":"open","sticky":false,"template":"","format":"standard","meta":{"footnotes":""},"categories":[36],"tags":[],"class_list":["post-71414","post","type-post","status-publish","format-standard","hentry","category-nacion"],"_links":{"self":[{"href":"https:\/\/plazajuarez.mx\/historico\/wp-json\/wp\/v2\/posts\/71414","targetHints":{"allow":["GET"]}}],"collection":[{"href":"https:\/\/plazajuarez.mx\/historico\/wp-json\/wp\/v2\/posts"}],"about":[{"href":"https:\/\/plazajuarez.mx\/historico\/wp-json\/wp\/v2\/types\/post"}],"author":[{"embeddable":true,"href":"https:\/\/plazajuarez.mx\/historico\/wp-json\/wp\/v2\/users\/6"}],"replies":[{"embeddable":true,"href":"https:\/\/plazajuarez.mx\/historico\/wp-json\/wp\/v2\/comments?post=71414"}],"version-history":[{"count":0,"href":"https:\/\/plazajuarez.mx\/historico\/wp-json\/wp\/v2\/posts\/71414\/revisions"}],"wp:attachment":[{"href":"https:\/\/plazajuarez.mx\/historico\/wp-json\/wp\/v2\/media?parent=71414"}],"wp:term":[{"taxonomy":"category","embeddable":true,"href":"https:\/\/plazajuarez.mx\/historico\/wp-json\/wp\/v2\/categories?post=71414"},{"taxonomy":"post_tag","embeddable":true,"href":"https:\/\/plazajuarez.mx\/historico\/wp-json\/wp\/v2\/tags?post=71414"}],"curies":[{"name":"wp","href":"https:\/\/api.w.org\/{rel}","templated":true}]}}