{"id":71387,"date":"2018-10-01T11:09:36","date_gmt":"2018-10-01T11:09:36","guid":{"rendered":"http:\/\/plazajuarez.mx\/index\/index.php\/2018\/10\/01\/retratos-hablados-696\/"},"modified":"2018-10-01T11:09:36","modified_gmt":"2018-10-01T11:09:36","slug":"retratos-hablados-696","status":"publish","type":"post","link":"https:\/\/plazajuarez.mx\/historico\/retratos-hablados-696\/","title":{"rendered":"RETRATOS HABLADOS"},"content":{"rendered":"<p>\u00a0\u00a0\u00a0 \u2022\u00a0\u00a0 \u00a0AMLO no le dio gusto a los que \u2028<br \/>urg\u00edan a una confrontaci\u00f3n con OFM<\/p>\n<p>  <!--more-->  <\/p>\n<p>La visita del Presidente Electo, Andr\u00e9s Manuel L\u00f3pez Obrador, a territorio hidalguense, vino a dejar muy en claro que su pensamiento de campa\u00f1a es cosa del pasado y que pondr\u00e1 sobre todas las cosas la unidad de cada uno de los Estados de la Rep\u00fablica. Unidad que resultar\u00eda imposible si hubiera optado por congraciarse con los que esperaban un \u201cajuste de cuentas\u201d con el gobernador Fayad.<br \/>\u00a0\u00a0 \u00a0No fue as\u00ed, no ser\u00e1 de ninguna manera as\u00ed, por la simple y sencilla raz\u00f3n de que un Jefe de Estado est\u00e1 obligado a dejar atr\u00e1s el discurso de campa\u00f1a, para centrarse en planteamientos para bien de todos, no solamente de quienes votaron por \u00e9l.<br \/>\u00a0\u00a0 \u00a0Incluso la reuni\u00f3n previa al acto masivo en la Plaza Ju\u00e1rez con el mandatario hidalguense puede ser calificada de sumamente cordial, en la que le fueron presentados los proyectos que se tienen en la entidad para los pr\u00f3ximos cuatro a\u00f1os, por los que mostr\u00f3 una sincera simpat\u00eda y apoyo.<br \/>\u00a0\u00a0 \u00a0Fue m\u00e1s que evidente el repliegue \u00a0de las fuerzas del Grupo Universidad, y el posicionamiento como interlocutor real y legal del l\u00edder de Morena, Abraham Mendoza Zenteno, lo que por principio de cuentas deja muy en claro que no har\u00e1 negociaciones con sectores de poder que ya le exigen el pago por supuestos apoyos recibidos en campa\u00f1a. Esa fue una muy buena se\u00f1al.<br \/>\u00a0\u00a0 \u00a0Pero fue m\u00e1s all\u00e1 al contestar casi directamente a los que urg\u00edan torpemente a la desaparici\u00f3n de poderes y juicio pol\u00edtico contra el gobernador Fayad: \u201cNo vamos a confrontarnos, no vamos a pelearnos, tenemos que unir esfuerzos, voluntades, recursos para impulsar el desarrollo de Hidalgo\u201d, dijo, para agregar que hay, \u201camplias coincidencias con el ciudadano gobernador\u201d.<br \/>\u00a0\u00a0 \u00a0Mala noticia para quienes celebraban por adelantado, y que saturaron las redes sociales con absurdos como \u201cFayad tiembla porque lo van a poner en su lugar\u201d, o incluso supuestos int\u00e9rpretes de los movimientos del cuerpo, \u201cFayad ignora en forma grosera al nuestro Presidente\u201d.<br \/>\u00a0\u00a0 \u00a0Mala noticia porque de ponerse a encabezar reyertas de grupos, grupitos y grupillos contra un gobernador, AMLO nunc a podr\u00eda ponerse a trabajar.<br \/>\u00a0\u00a0 \u00a0Mala noticia porque luego entonces la sustituci\u00f3n del ex rector Humberto Veras por Ricardo Baptista al frente de la coordinaci\u00f3n de la bancada de Morena en el Congreso local, no fue ni mucho menos una decisi\u00f3n que previamente palomeara el Presidente del Patronato Universitario, Gerardo Sosa. <br \/>\u00a0\u00a0 \u00a0Mala se\u00f1al, porque cada una de las partes de todo este entramado empiezan a ser colocadas en su lugar para bien de todos. <br \/>\u00a0\u00a0 \u00a0Aprender \u00a0a convivir en estos nuevos tiempos pol\u00edticos de M\u00e9xico, es una tarea que deben asumir todos. Deplorable ser\u00eda que la pugna se mantuviera hasta el infinito, y que los \u00fanicos perdedores en el caso de nuestro Estado fueran los ciudadanos. <br \/>\u00a0\u00a0 \u00a0Noticia todav\u00eda sin ser explicada con claridad es la reapertura de El Mexe, a la que uno solo de los muchos comentarios en las redes evidencia lo que vividores de esta Escuela Normal piensan que van a regresar a hacer: \u201cRegresaremos, el Mexe se reabrir\u00e1, \u00a1perros!\u201d.<br \/>\u00a0\u00a0 \u00a0Sin embargo no cuentan con que esta nueva etapa de la \u201cLuis Villarreal\u201d ser\u00e1 bajo nuevas condiciones.<br \/>\u00a0\u00a0 \u00a0Por principio de cuentas no ser\u00e1 para que el grupo de sinverg\u00fcenzas que en sus \u00faltimos a\u00f1os la tomaron como guarida, regrese a sus andadas. No se\u00f1ores, si eso creen, ya se equivocaron. No ser\u00e1 el territorio independiente donde solo el Comit\u00e9 \u201cEstudiantil\u201d hac\u00eda y deshac\u00eda a su antojo.<br \/>\u00a0\u00a0 \u00a0No ser\u00e1 as\u00ed.<br \/>\u00a0\u00a0 \u00a0Por \u00faltimo, y lo m\u00e1s importante sin duda de la visita del pr\u00f3ximo Presidente de la Rep\u00fablica, es que dej\u00f3 en claro su compromiso de trabajar con todos, hacer caso omiso a quienes le pidieron hasta el hartazgo que pusiera en jaque al gobierno estatal ya con el poder en la manos con la retenci\u00f3n de presupuestos o cosas por el estilo.<br \/>\u00a0\u00a0 \u00a0No lo har\u00e1, tampoco se va a pelear con una administraci\u00f3n por quedar bien con un grupo pol\u00edtico marrullero y poco serio en eso de la pol\u00edtica.<br \/>\u00a0\u00a0 \u00a0Buenas noticias para Hidalgo.<br \/>Mil gracias, hasta ma\u00f1ana.<br \/>jeperalta@plazajuarez.mx\/historico\/historico<br \/>@JavierEPeralta<br \/>CITA:<br \/>Fue m\u00e1s que evidente el repliegue de las fuerzas del Grupo Universidad, y el posicionamiento como interlocutor real y legal del l\u00edder de Morena, Abraham Mendoza Zenteno, lo que por principio de cuentas deja muy en claro que no har\u00e1 negociaciones con sectores de poder que ya le exigen el pago por supuestos apoyos recibidos en campa\u00f1a. Esa fue una muy buena se\u00f1al.<br \/>\u00a0\u00a0 \u00a0<\/p>\n","protected":false},"excerpt":{"rendered":"<p>\u00a0\u00a0\u00a0 \u2022\u00a0\u00a0 \u00a0AMLO no le dio gusto a los que \u2028urg\u00edan a una confrontaci\u00f3n con OFM<\/p>\n","protected":false},"author":93,"featured_media":0,"comment_status":"open","ping_status":"open","sticky":false,"template":"","format":"standard","meta":{"footnotes":""},"categories":[42],"tags":[],"class_list":["post-71387","post","type-post","status-publish","format-standard","hentry","category-nuestrapalabra"],"_links":{"self":[{"href":"https:\/\/plazajuarez.mx\/historico\/wp-json\/wp\/v2\/posts\/71387","targetHints":{"allow":["GET"]}}],"collection":[{"href":"https:\/\/plazajuarez.mx\/historico\/wp-json\/wp\/v2\/posts"}],"about":[{"href":"https:\/\/plazajuarez.mx\/historico\/wp-json\/wp\/v2\/types\/post"}],"author":[{"embeddable":true,"href":"https:\/\/plazajuarez.mx\/historico\/wp-json\/wp\/v2\/users\/93"}],"replies":[{"embeddable":true,"href":"https:\/\/plazajuarez.mx\/historico\/wp-json\/wp\/v2\/comments?post=71387"}],"version-history":[{"count":0,"href":"https:\/\/plazajuarez.mx\/historico\/wp-json\/wp\/v2\/posts\/71387\/revisions"}],"wp:attachment":[{"href":"https:\/\/plazajuarez.mx\/historico\/wp-json\/wp\/v2\/media?parent=71387"}],"wp:term":[{"taxonomy":"category","embeddable":true,"href":"https:\/\/plazajuarez.mx\/historico\/wp-json\/wp\/v2\/categories?post=71387"},{"taxonomy":"post_tag","embeddable":true,"href":"https:\/\/plazajuarez.mx\/historico\/wp-json\/wp\/v2\/tags?post=71387"}],"curies":[{"name":"wp","href":"https:\/\/api.w.org\/{rel}","templated":true}]}}