{"id":70944,"date":"2018-09-24T04:44:57","date_gmt":"2018-09-24T04:44:57","guid":{"rendered":"http:\/\/plazajuarez.mx\/index\/index.php\/2018\/09\/24\/el-color-del-cristal\/"},"modified":"2018-09-24T04:44:57","modified_gmt":"2018-09-24T04:44:57","slug":"el-color-del-cristal","status":"publish","type":"post","link":"https:\/\/plazajuarez.mx\/historico\/el-color-del-cristal\/","title":{"rendered":"El color del cristal"},"content":{"rendered":"<p>Agenda Ciudadana<\/p>\n<p>\u00a0\u00a0\u00a0 \u2022\u00a0\u00a0 \u00a0&#8220;Bien por la U. de Arizona, que dio a Carmen Aristegui el premio Zenger de libertad de prensa&#8221;\u2028<\/p>\n<p>  <!--more-->  <\/p>\n<p>Desde la \u00f3ptica de la banca, en M\u00e9xico no hay bancarrota. Pero vista la realidad con otro cristal, la respuesta es otra.<br \/>Las ciencias sociales funcionan con una especie de &#8220;ley de la relatividad&#8221;: sus conclusiones son siempre relativas. Todo an\u00e1lisis est\u00e1 afectado por los prejuicios e intereses del observador. Esa &#8220;ley&#8221; afecta cualquier respuesta a \u00bfc\u00f3mo est\u00e1 hoy M\u00e9xico?<br \/>\u00bfEst\u00e1 el pa\u00eds en &#8220;situaci\u00f3n de bancarrota&#8221;? Andr\u00e9s Manuel L\u00f3pez Obrador (AMLO) us\u00f3 esa expresi\u00f3n para definir la condici\u00f3n del Estado que el gobierno saliente le entregar\u00e1 en diciembre. De inmediato, y empleando un lente de observaci\u00f3n diferente, Claudio X. Gonz\u00e1lez, otros &#8220;hombres de empresa&#8221; y pol\u00edticos del viejo y fracasado r\u00e9gimen \u2014como Miguel \u00c1ngel Osorio Chong\u2014, le respondieron que M\u00e9xico y su econom\u00eda estaban bien, que cuidara sus palabras, pues proviniendo del presidente electo, podr\u00edan da\u00f1ar el clima de las (sus) inversiones.<br \/>Obvio, como presidente electo y luego en funciones, AMLO debe cuidar su discurso, explicarlo. Pero el punto importante es si M\u00e9xico est\u00e1 o no en bancarrota. La respuesta depende, en parte, de la definici\u00f3n del concepto y, sobre todo, del color del cristal \u2014la posici\u00f3n social y el inter\u00e9s econ\u00f3mico\u2014 a trav\u00e9s del cual se examine la realidad mexicana.<br \/>Seg\u00fan el Diccionario Esencial de la Lengua Espa\u00f1ola, (Real Academia, 2006), bancarrota, tiene tres acepciones: quiebra comercial, ruina econ\u00f3mica y &#8220;descr\u00e9dito de un sistema o doctrina&#8221; (p. 177).<br \/>La quiebra comercial no caracteriza hoy a M\u00e9xico, pero su estado de salud es precario. El d\u00e9ficit en cuenta corriente de la balanza de pagos del \u00faltimo a\u00f1o fue de 18 mil 331 millones de d\u00f3lares. M\u00e1s importante es que la deuda externa total acumulada ya lleg\u00f3 a los 481 mil millones de d\u00f3lares, lo que rebasa el 40 por ciento del PIB, (www.indexmundi.com\/mexico\/debt_external.html), su uso no fue para infraestructura y su pago consume m\u00e1s del 11 por ciento del gasto del sector p\u00fablico.<br \/>Lo de ruina econ\u00f3mica depende desde d\u00f3nde y con qu\u00e9 cristal se le mire. El crecimiento del PIB para el 2017 se calcul\u00f3 en 2.0% y el per c\u00e1pita en un raqu\u00edtico 0.75 por ciento. En contraste, las utilidades de la banca crecieron &#8220;sin precedentes&#8221;: 137 mil millones de pesos, es decir, 28.4 por ciento m\u00e1s que las del a\u00f1o anterior, (fuente: la CNBV). Si el PIB en conjunto creci\u00f3 apenas un 2 por ciento, pero el del sector bancario creci\u00f3 14 veces m\u00e1s, entonces debe haber sectores econ\u00f3micos que no avanzaron o retrocedieron, como el industrial, que lo hizo en 0.6 por ciento respecto al 2016, (El Economista, 28\/08\/18).<br \/>Desde la \u00f3ptica de los ingresos tributarios, esos recursos con los que AMLO quiere cambiar positivamente el entorno material de los m\u00e1s pobres, si bien han pasado de un baj\u00edsimo 8.4 por ciento del PIB en 2006 al 12.8 en la actualidad, siguen siendo inadecuados, pues el promedio de recaudaci\u00f3n en los pa\u00edses de la OCDE, es de 34.3 por ciento del PIB, y si para ser realistas s\u00f3lo tomamos el del subconjunto de los pa\u00edses latinoamericanos, la cifra es 22.7 por ciento, (Revenue Statistics in Latin America and the Caribbean 2018). Como se le mire, en este campo la situaci\u00f3n de M\u00e9xico no es de congratularse.<br \/>Examinemos, finalmente, en nuestro contexto, la acepci\u00f3n de bancarrota como &#8220;descr\u00e9dito de un sistema o doctrina&#8221;. Justo aqu\u00ed viene al caso el Manifiesto por un liberalismo renovado que hace, desde el lado del capital, uno de los m\u00e1s famosos \u00f3rganos de opini\u00f3n mundial y an\u00e1lisis del sistema econ\u00f3mico liberal desde hace 175 a\u00f1os: The Economist, (15-21\/09\/18).<br \/>Sin apartarse un mil\u00edmetro de la defensa del liberalismo que enarbol\u00f3 en su n\u00famero inicial de 1843 y del neoliberalismo de hoy, The Economist, acepta que, si bien esta doctrina dio forma al mundo moderno, hoy, ese mundo se ha puesto en su contra, al punto que se viven los proleg\u00f3menos de una rebeli\u00f3n popular contra las \u00e9lites liberales. La revista sostiene la idoneidad de estos principios \u2014compromiso con la dignidad humana, mercados abiertos, l\u00edmite a la acci\u00f3n del gobierno y fe en el progreso por la v\u00eda del debate y la reforma\u2014, pero acepta que en buena medida su pr\u00e1ctica se fue por otro rumbo.<br \/>The Economist no usa el t\u00e9rmino bancarrota para calificar la situaci\u00f3n del neoliberalismo hoy, pero s\u00ed su equivalente: &#8220;descr\u00e9dito de un sistema o doctrina&#8221;. Los trabajadores dudan de su equidad pues lo ven cargado a favor de los monopolios corporativos, ha fracasado en proveer respeto c\u00edvico para todos y la clase gobernante vive en una burbuja: &#8220;sus miembros van a las mismas universidades, se casan entre ellos, viven en los mismos barrios, trabajan en las mismas oficinas&#8221; y esperan que el pueblo se mantenga lejos del poder y se contente con un cierto progreso material. Sin embargo, ese progreso hoy no se da porque hay un estancamiento de la productividad y persisten los efectos de la crisis de 2008.<br \/>The Economist acepta que hoy el &#8220;inter\u00e9s com\u00fan&#8221; de la ideolog\u00eda liberal no existe, que lo que hay es la creciente polarizaci\u00f3n de las sociedades, que se define como la lucha entre el &#8220;precariato&#8221; y los &#8220;patricios&#8221;, algo que tiene ecos de lo expresado en 1848 por el Manifiesto del Partido Comunista.<br \/>Y sin entrar en el tema de la bancarrota moral del r\u00e9gimen encabezado por el PRI y el PAN, resulta que el an\u00e1lisis econ\u00f3mico y social de The Economist est\u00e1 m\u00e1s cerca del diagn\u00f3stico de AMLO que del de Claudio X. Gonz\u00e1lez, et al.<br \/>www.lorenzomeyer.com.mx<br \/>Correo: agenda_ciudadana@hotmail.com<\/p>\n","protected":false},"excerpt":{"rendered":"<p>Agenda Ciudadana \u00a0\u00a0\u00a0 \u2022\u00a0\u00a0 \u00a0&#8220;Bien por la U. de Arizona, que dio a Carmen Aristegui el premio Zenger de libertad de prensa&#8221;\u2028<\/p>\n","protected":false},"author":93,"featured_media":0,"comment_status":"open","ping_status":"open","sticky":false,"template":"","format":"standard","meta":{"footnotes":""},"categories":[42],"tags":[],"class_list":["post-70944","post","type-post","status-publish","format-standard","hentry","category-nuestrapalabra"],"_links":{"self":[{"href":"https:\/\/plazajuarez.mx\/historico\/wp-json\/wp\/v2\/posts\/70944","targetHints":{"allow":["GET"]}}],"collection":[{"href":"https:\/\/plazajuarez.mx\/historico\/wp-json\/wp\/v2\/posts"}],"about":[{"href":"https:\/\/plazajuarez.mx\/historico\/wp-json\/wp\/v2\/types\/post"}],"author":[{"embeddable":true,"href":"https:\/\/plazajuarez.mx\/historico\/wp-json\/wp\/v2\/users\/93"}],"replies":[{"embeddable":true,"href":"https:\/\/plazajuarez.mx\/historico\/wp-json\/wp\/v2\/comments?post=70944"}],"version-history":[{"count":0,"href":"https:\/\/plazajuarez.mx\/historico\/wp-json\/wp\/v2\/posts\/70944\/revisions"}],"wp:attachment":[{"href":"https:\/\/plazajuarez.mx\/historico\/wp-json\/wp\/v2\/media?parent=70944"}],"wp:term":[{"taxonomy":"category","embeddable":true,"href":"https:\/\/plazajuarez.mx\/historico\/wp-json\/wp\/v2\/categories?post=70944"},{"taxonomy":"post_tag","embeddable":true,"href":"https:\/\/plazajuarez.mx\/historico\/wp-json\/wp\/v2\/tags?post=70944"}],"curies":[{"name":"wp","href":"https:\/\/api.w.org\/{rel}","templated":true}]}}