{"id":70943,"date":"2018-09-24T04:44:29","date_gmt":"2018-09-24T04:44:29","guid":{"rendered":"http:\/\/plazajuarez.mx\/index\/index.php\/2018\/09\/24\/gasolinas-la-triste-realidad\/"},"modified":"2018-09-24T04:44:29","modified_gmt":"2018-09-24T04:44:29","slug":"gasolinas-la-triste-realidad","status":"publish","type":"post","link":"https:\/\/plazajuarez.mx\/historico\/gasolinas-la-triste-realidad\/","title":{"rendered":"Gasolinas, la triste realidad"},"content":{"rendered":"<p>Bajo Reserva Expr\u00e9s<\/p>\n<p>  <!--more-->  <\/p>\n<p>Nos hacen ver que la senadora y pr\u00f3xima secretaria de Energ\u00eda, Roc\u00edo Nahle, qued\u00f3 muy mal luego de que en una entrevista de radio se\u00f1alara que en el gobierno de Andr\u00e9s Manuel L\u00f3pez Obrador no se reducir\u00eda el Impuesto Especial sobre Producci\u00f3n y Servicios (IEPS) a la gasolina, como lo prometi\u00f3 en campa\u00f1a, debido a que esos recursos se utilizar\u00e1n para la construcci\u00f3n de refiner\u00edas.<br \/>Lo malo nos dicen no es solo que lo prometi\u00f3 en campa\u00f1a, sino que cuando fue coordinadora de la bancada de Morena en la C\u00e1mara de Diputados, present\u00f3 una iniciativa para reducir el IEPS en 60% a los combustibles, para as\u00ed frenar el llamado &#8220;gasolinazo&#8221;, que tanto le criticaron al PRI y a su entonces candidato presidencial.<br \/>Hoy despu\u00e9s de la elecci\u00f3n y del triunfo aplastante en las urnas, la realidad es que el impuesto no se quitar\u00e1 y la gasolina seguir\u00e1 costando cara. Triste realidad.<\/p>\n","protected":false},"excerpt":{"rendered":"<p>Bajo Reserva Expr\u00e9s<\/p>\n","protected":false},"author":93,"featured_media":0,"comment_status":"open","ping_status":"open","sticky":false,"template":"","format":"standard","meta":{"footnotes":""},"categories":[42],"tags":[],"class_list":["post-70943","post","type-post","status-publish","format-standard","hentry","category-nuestrapalabra"],"_links":{"self":[{"href":"https:\/\/plazajuarez.mx\/historico\/wp-json\/wp\/v2\/posts\/70943","targetHints":{"allow":["GET"]}}],"collection":[{"href":"https:\/\/plazajuarez.mx\/historico\/wp-json\/wp\/v2\/posts"}],"about":[{"href":"https:\/\/plazajuarez.mx\/historico\/wp-json\/wp\/v2\/types\/post"}],"author":[{"embeddable":true,"href":"https:\/\/plazajuarez.mx\/historico\/wp-json\/wp\/v2\/users\/93"}],"replies":[{"embeddable":true,"href":"https:\/\/plazajuarez.mx\/historico\/wp-json\/wp\/v2\/comments?post=70943"}],"version-history":[{"count":0,"href":"https:\/\/plazajuarez.mx\/historico\/wp-json\/wp\/v2\/posts\/70943\/revisions"}],"wp:attachment":[{"href":"https:\/\/plazajuarez.mx\/historico\/wp-json\/wp\/v2\/media?parent=70943"}],"wp:term":[{"taxonomy":"category","embeddable":true,"href":"https:\/\/plazajuarez.mx\/historico\/wp-json\/wp\/v2\/categories?post=70943"},{"taxonomy":"post_tag","embeddable":true,"href":"https:\/\/plazajuarez.mx\/historico\/wp-json\/wp\/v2\/tags?post=70943"}],"curies":[{"name":"wp","href":"https:\/\/api.w.org\/{rel}","templated":true}]}}