{"id":70942,"date":"2018-09-24T04:42:52","date_gmt":"2018-09-24T04:42:52","guid":{"rendered":"http:\/\/plazajuarez.mx\/index\/index.php\/2018\/09\/24\/fake-news-y-posverdad-en-la-era-de-internet-i\/"},"modified":"2018-09-24T04:42:52","modified_gmt":"2018-09-24T04:42:52","slug":"fake-news-y-posverdad-en-la-era-de-internet-i","status":"publish","type":"post","link":"https:\/\/plazajuarez.mx\/historico\/fake-news-y-posverdad-en-la-era-de-internet-i\/","title":{"rendered":"&#8220;Fake news&#8221; y posverdad en la era de internet (I)"},"content":{"rendered":"<p>\u00a0\u00a0\u00a0 \u2022\u00a0\u00a0 \u00a0Las noticias falsas o &#8220;fake news&#8221; adolecen de lo que los griegos denominaban aletheia, es decir, lo que se refiere a la sinceridad de los hechos y a la realidad; o para los romanos, veritas, la verdad\u2028<\/p>\n<p>  <!--more-->  <\/p>\n<p>La primera interrogante que podr\u00edamos tener al tocar el tema de las &#8220;fake news&#8221; es \u00bfcu\u00e1ndo surgieron? No podr\u00edamos dejar de advertir que aproximadamente hace un par de a\u00f1os hablar de noticias falsas era algo poco com\u00fan, pues no hab\u00edan sucedido los grandes acontecimientos que posteriormente surgieron \u2014el Brexit y las elecciones presidenciales de Estados Unidos\u2014 con un tremendo efecto expansivo y, por tanto, no est\u00e1bamos tan familiarizados con la presencia, divulgaci\u00f3n y propagaci\u00f3n de las mismas.<br \/>Estos acontecimientos se han detonado por la era digital en la que vivimos, sin embargo, \u00e9sta ha puesto en nuestras manos una de las herramientas del poder ciudadano donde nos convertimos en actores al expresar nuestro punto de vista de cualquier tema de \u00edndole pol\u00edtico o social.<br \/>Pero no todos son aspectos positivos respecto a esta cuarta revoluci\u00f3n industrial, como lo dir\u00eda el propio creador de la World Wide Web, Tim Berners Lee: la desinformaci\u00f3n se disemina f\u00e1cilmente en internet.<br \/>Por ello, ahora estamos pasando a la etapa de la desinformaci\u00f3n, con la expansi\u00f3n de la era digital se ha presentado el lado oscuro de las redes sociales debido, principalmente, a la divulgaci\u00f3n masiva de noticias falsas o &#8220;fake news&#8221;.<br \/>En estos tiempos se empieza a escribir sobre este t\u00f3pico, el cual est\u00e1 ocupando los primeros lugares en los debates p\u00fablicos, pero lo m\u00e1s grave es la amenaza que representa para todo r\u00e9gimen democr\u00e1tico. Este flagelo aprovecha deliberadamente las invenciones de gigantes tecnol\u00f3gicos como Google, Facebook y Twitter, plataformas que representan la mayor fuente de difusi\u00f3n de noticias falsas.<br \/>Las noticias falsas o &#8220;fake news&#8221; adolecen de lo que los griegos denominaban aletheia, es decir, lo que se refiere a la sinceridad de los hechos y a la realidad; o para los romanos, veritas, la verdad, lo que tambi\u00e9n tiene sustento en que las noticias deben de estar amparadas bajo esta veracidad.<br \/>Ahora bien, \u00bfc\u00f3mo distinguirlas?, \u00bfc\u00f3mo combatirlas?, \u00bfc\u00f3mo poder resolver los posibles conflictos con la libertad de expresi\u00f3n y de informaci\u00f3n? Son algunas de las respuestas que forman parte de mi m\u00e1s reciente publicaci\u00f3n titulada: El ciudadano digital. &#8220;Fake news&#8221; y posverdad en la era de internet, de editorial Oc\u00e9ano.<br \/>Twitter: @UlrichRichterM<\/p>\n","protected":false},"excerpt":{"rendered":"<p>\u00a0\u00a0\u00a0 \u2022\u00a0\u00a0 \u00a0Las noticias falsas o &#8220;fake news&#8221; adolecen de lo que los griegos denominaban aletheia, es decir, lo que se refiere a la sinceridad de los hechos y a la realidad; o para los romanos, veritas, la verdad\u2028<\/p>\n","protected":false},"author":93,"featured_media":0,"comment_status":"open","ping_status":"open","sticky":false,"template":"","format":"standard","meta":{"footnotes":""},"categories":[42],"tags":[],"class_list":["post-70942","post","type-post","status-publish","format-standard","hentry","category-nuestrapalabra"],"_links":{"self":[{"href":"https:\/\/plazajuarez.mx\/historico\/wp-json\/wp\/v2\/posts\/70942","targetHints":{"allow":["GET"]}}],"collection":[{"href":"https:\/\/plazajuarez.mx\/historico\/wp-json\/wp\/v2\/posts"}],"about":[{"href":"https:\/\/plazajuarez.mx\/historico\/wp-json\/wp\/v2\/types\/post"}],"author":[{"embeddable":true,"href":"https:\/\/plazajuarez.mx\/historico\/wp-json\/wp\/v2\/users\/93"}],"replies":[{"embeddable":true,"href":"https:\/\/plazajuarez.mx\/historico\/wp-json\/wp\/v2\/comments?post=70942"}],"version-history":[{"count":0,"href":"https:\/\/plazajuarez.mx\/historico\/wp-json\/wp\/v2\/posts\/70942\/revisions"}],"wp:attachment":[{"href":"https:\/\/plazajuarez.mx\/historico\/wp-json\/wp\/v2\/media?parent=70942"}],"wp:term":[{"taxonomy":"category","embeddable":true,"href":"https:\/\/plazajuarez.mx\/historico\/wp-json\/wp\/v2\/categories?post=70942"},{"taxonomy":"post_tag","embeddable":true,"href":"https:\/\/plazajuarez.mx\/historico\/wp-json\/wp\/v2\/tags?post=70942"}],"curies":[{"name":"wp","href":"https:\/\/api.w.org\/{rel}","templated":true}]}}