{"id":70941,"date":"2018-09-24T04:42:32","date_gmt":"2018-09-24T04:42:32","guid":{"rendered":"http:\/\/plazajuarez.mx\/index\/index.php\/2018\/09\/24\/la-fiscalia-que-viene\/"},"modified":"2018-09-24T04:42:32","modified_gmt":"2018-09-24T04:42:32","slug":"la-fiscalia-que-viene","status":"publish","type":"post","link":"https:\/\/plazajuarez.mx\/historico\/la-fiscalia-que-viene\/","title":{"rendered":"La fiscal\u00eda que viene"},"content":{"rendered":"<p>Retrato Hereje<br \/>\u00a0\u00a0 \u00a0\u2022\u00a0\u00a0 \u00a0El ciclo se empieza a cerrar, pero todav\u00eda nos depara algunas sorpresas, luego de que tanto la c\u00e1mara como San L\u00e1zaro, que funcionar\u00e1 como colegisladora, aprueben la iniciativa de ley reglamentaria elaborada por Nieto con la participaci\u00f3n de la amplia gama de organizaciones ciudadanas integradas en el frente &#8220;Por una Fiscal\u00eda que sirva&#8221;\u2028<\/p>\n<p>  <!--more-->  <\/p>\n<p>Este martes llegar\u00e1 al Senado una iniciativa de ley que buscar\u00e1 superar, en el breve lapso de las pr\u00f3ximas semanas, el obst\u00e1culo que puso en vilo durante todo el sexenio el establecimiento de la Fiscal\u00eda General de la Rep\u00fablica y convirti\u00f3 ese tema en una de las mayores pesadillas del gobierno Pe\u00f1a Nieto.<br \/>Se anticipa un proceso singular, con actores implicados en una mec\u00e1nica que hace no mucho se hubiera antojado inveros\u00edmil, pues reunir\u00e1 a personajes que en el pasado reciente se enfrentaron con crudeza.<br \/>La iniciativa de ley reglamentaria de la reforma constitucional que en febrero de 2014 estableci\u00f3 la Fiscal\u00eda, fue elaborada por el equipo del presidente electo, Andr\u00e9s Manuel L\u00f3pez Obrador, que la encomend\u00f3 a Santiago Nieto, el ex fiscal electoral acosado y defenestrado por la actual administraci\u00f3n.<br \/>Por \u00f3rdenes de Humberto Castillejos, entonces consejero jur\u00eddico de la Presidencia, y de Miguel Osorio Chong, a las saz\u00f3n secretario de Gobernaci\u00f3n y ahora coordinador de la bancada del PRI en el Senado, Nieto fue despedido en octubre de 2017 por Alberto El\u00edas Beltr\u00e1n, subprocurador encargado de la Procuradur\u00eda General de la Rep\u00fablica (ser\u00e1 quien la acabe sepultando, en m\u00e1s de un sentido).<br \/>Tras su cese, Nieto recurri\u00f3 al Senado que lo hab\u00eda designado para defenderse, pero desisti\u00f3 ante amenazas de Jorge M\u00e1rquez, oficial mayor y principal operador de Osorio Chong en Gobernaci\u00f3n.<br \/>Castillejos, Alberto Bazbaz (con otros tantos) y el referido Alberto El\u00edas Beltr\u00e1n, conocidos como &#8220;Los Betos&#8221;, fueron se\u00f1alados por a\u00f1os, de &#8220;manosear&#8221; el entorno judicial del pa\u00eds y someter a su conveniencia a la PGR, lo que provoc\u00f3 que la misma haya acumulado hasta ahora cuatro titulares.<br \/>El ciclo se empieza a cerrar, pero todav\u00eda nos depara algunas sorpresas, luego de que tanto la c\u00e1mara como San L\u00e1zaro, que funcionar\u00e1 como colegisladora, aprueben la iniciativa de ley reglamentaria elaborada por Nieto con la participaci\u00f3n de la amplia gama de organizaciones ciudadanas integradas en el frente &#8220;Por una Fiscal\u00eda que sirva&#8221;.<br \/>De esta interlocuci\u00f3n solo se ausent\u00f3 el presidente de Coparmex, Gustavo de Hoyos, empecinado en imponer una reforma a la reforma de 2014, la que nunca ha entrado en vigencia, pues faltaba precisamente la ley que esta semana entrar\u00e1 a debate nacional. Los aspectos clave de esta propuesta de ley ameritar\u00e1n una entrega pr\u00f3xima de este espacio.<br \/>De aprobarlo as\u00ed el Congreso, ante el Senado se inscribir\u00e1n &#8220;al menos&#8221; (como dice la enmienda constitucional) 10 aspirantes a ocupar la Fiscal\u00eda. Esos 10 o m\u00e1s nombres ser\u00e1n enviados al presidente Pe\u00f1a Nieto, quien enviar\u00e1 a los propios senadores una terna de la que saldr\u00e1 el nuevo fiscal.<br \/>Es muy probable que debamos estar preparados para que de esta deliberaci\u00f3n resulte designado como el primer fiscal general de la Rep\u00fablica un personaje cercanamente ligado al presidente electo Andr\u00e9s Manuel L\u00f3pez Obrador, pero sin que formalmente sea \u00e9l quien lo proponga y cuando a\u00fan no ha tomado posesi\u00f3n.<br \/>Ese personaje es Bernardo B\u00e1tiz, procurador general de Justicia durante el gobierno de L\u00f3pez Obrador como jefe del Gobierno capitalino (2000-2005).<br \/>B\u00e1tiz y V\u00e1zquez, que el pasado d\u00eda 14 cumpli\u00f3 82 a\u00f1os, es un jurista e intelectual mexicano que durante casi tres d\u00e9cadas (1965-1992) milit\u00f3 en el PAN, al que desert\u00f3 junto a muchos otros notables panistas que hab\u00edan formado el &#8220;Foro Democr\u00e1tico y Doctrinario&#8221; desde donde denunciaron que grupos empresariales se hab\u00edan apropiado de Acci\u00f3n Nacional. Junto con otras figuras panistas como Jes\u00fas Gonz\u00e1lez Schmal, B\u00e1tiz se sum\u00f3 al PRD. Ha sido diputado federal cuatro veces.<br \/>Pero quiz\u00e1 su mayor carta de presentaci\u00f3n sea una modesta casa en la colonia Narvarte de la Ciudad de M\u00e9xico, que ha ocupado con su familia por muchos a\u00f1os, incluso tras ser procurador capitalino, en un tiempo en el que muchos funcionarios, bajo siglas m\u00faltiples, han usado a la pol\u00edtica como una herramienta para hacer negocios.<br \/>APUNTES: El rector de la UNAM, Enrique Graue, imprimir\u00e1 esta semana un enigm\u00e1tico ajuste en su equipo, tras los disturbios que sacudieron a la casa de estudios por la injerencia de grupos de porros. Despedir\u00e1 a Javier de la Fuente como secretario de Prevenci\u00f3n y Seguridad, dentista de formaci\u00f3n que ha dado m\u00faltiples indicios de estar rebasado tanto dentro como fuera de la instituci\u00f3n. Si no hay un viraje de \u00faltimo momento, el relevo ser\u00e1 N\u00e9stor Mart\u00ednez, responsable de la comunicaci\u00f3n social en la Universidad. Se trata sin duda de uno de los hombres m\u00e1s cercanos al doctor Graue, pero su arribo a tales tareas extra\u00f1ar\u00e1 a m\u00e1s de uno.<br \/>Correo: rockroberto@gmail.com<\/p>\n","protected":false},"excerpt":{"rendered":"<p>Retrato Hereje\u00a0\u00a0 \u00a0\u2022\u00a0\u00a0 \u00a0El ciclo se empieza a cerrar, pero todav\u00eda nos depara algunas sorpresas, luego de que tanto la c\u00e1mara como San L\u00e1zaro, que funcionar\u00e1 como colegisladora, aprueben la iniciativa de ley reglamentaria elaborada por Nieto con la participaci\u00f3n de la amplia gama de organizaciones ciudadanas integradas en el frente &#8220;Por una Fiscal\u00eda que [&hellip;]<\/p>\n","protected":false},"author":93,"featured_media":0,"comment_status":"open","ping_status":"open","sticky":false,"template":"","format":"standard","meta":{"footnotes":""},"categories":[42],"tags":[],"class_list":["post-70941","post","type-post","status-publish","format-standard","hentry","category-nuestrapalabra"],"_links":{"self":[{"href":"https:\/\/plazajuarez.mx\/historico\/wp-json\/wp\/v2\/posts\/70941","targetHints":{"allow":["GET"]}}],"collection":[{"href":"https:\/\/plazajuarez.mx\/historico\/wp-json\/wp\/v2\/posts"}],"about":[{"href":"https:\/\/plazajuarez.mx\/historico\/wp-json\/wp\/v2\/types\/post"}],"author":[{"embeddable":true,"href":"https:\/\/plazajuarez.mx\/historico\/wp-json\/wp\/v2\/users\/93"}],"replies":[{"embeddable":true,"href":"https:\/\/plazajuarez.mx\/historico\/wp-json\/wp\/v2\/comments?post=70941"}],"version-history":[{"count":0,"href":"https:\/\/plazajuarez.mx\/historico\/wp-json\/wp\/v2\/posts\/70941\/revisions"}],"wp:attachment":[{"href":"https:\/\/plazajuarez.mx\/historico\/wp-json\/wp\/v2\/media?parent=70941"}],"wp:term":[{"taxonomy":"category","embeddable":true,"href":"https:\/\/plazajuarez.mx\/historico\/wp-json\/wp\/v2\/categories?post=70941"},{"taxonomy":"post_tag","embeddable":true,"href":"https:\/\/plazajuarez.mx\/historico\/wp-json\/wp\/v2\/tags?post=70941"}],"curies":[{"name":"wp","href":"https:\/\/api.w.org\/{rel}","templated":true}]}}