{"id":70940,"date":"2018-09-24T04:42:21","date_gmt":"2018-09-24T04:42:21","guid":{"rendered":"http:\/\/plazajuarez.mx\/index\/index.php\/2018\/09\/24\/rodolfo-barraez-gana-premio-de-direccion-de-orquesta-ofunam-2018\/"},"modified":"2018-09-24T04:42:21","modified_gmt":"2018-09-24T04:42:21","slug":"rodolfo-barraez-gana-premio-de-direccion-de-orquesta-ofunam-2018","status":"publish","type":"post","link":"https:\/\/plazajuarez.mx\/historico\/rodolfo-barraez-gana-premio-de-direccion-de-orquesta-ofunam-2018\/","title":{"rendered":"Rodolfo Barr\u00e1ez gana premio de Direcci\u00f3n de Orquesta OFUNAM 2018"},"content":{"rendered":"<p>Tras una larga deliberaci\u00f3n de m\u00e1s de una hora, el jurado que estuvo presidido por Massimo Quarta dio a conocer que el segundo lugar fue para la directora china Jiajing Lai<\/p>\n<p>  <!--more-->  <\/p>\n<p>El director venezolano de 24 a\u00f1os, Rodolfo Barr\u00e1ez fue electo como el ganador del primer Premio Internacional de Direcci\u00f3n de Orquesta OFUNAM 2018, tras interpretar &#8220;Collage&#8221; del compositor Armando Luna y el cuarto movimiento: Allegro con fuocco de la &#8220;Sinfon\u00eda no. 9 en mi menor, op. 95, Del nuevo mundo&#8221; de Anton\u00edn Dvor\u00e1k.<br \/>Tras una larga deliberaci\u00f3n de m\u00e1s de una hora, el jurado que estuvo presidido por Massimo Quarta dio a conocer que el segundo lugar fue para la directora china Jiajing Lai, quien recibi\u00f3 un premio especial por parte de la OFUNAM, consistente en ser invitada a que los dirija en un concierto; y el tercer lugar para el director estadounidense espa\u00f1ol Fran\u00e7ois L\u00f3pez-Ferrer.<br \/>Barr\u00e1ez, quien es director itinerante del sistema Nacional de Orquestas y Coros Juveniles e Infantiles de Venezuela, que dijo es su casa y \u00e9l se ha formado ah\u00ed, coment\u00f3 en conferencia de prensa &#8211; luego del concierto celebrado en la sala Nezahualc\u00f3yotl, que todas las obras \u00e9l las respeta much\u00edsimo: &#8220;El primer paso es respetar las obras y luego entenderla&#8221;.<br \/>El ganador recibi\u00f3 un cheque por 6 mil d\u00f3lares y ser\u00e1 invitado a dirigir un concierto con la OFUNAM, que es la orquesta residente, y con cada una de las orquestas asociadas durante las temporadas 2019-2021, que son 18 agrupaciones de M\u00e9xico, y una de Colombia.<br \/>Massimo Quarta, presidente del jurado, que estuvo integrado por Atso Almila, de Finlandia; Josep Caball\u00e9 Domenech, de Espa\u00f1a; Claire Gibault, de Francia; y Jorge Mester, de M\u00e9xico, dijo que los criterios de selecci\u00f3n son muy dif\u00edciles de consensar.<br \/>A t\u00edtulo personal dijo: &#8220;A m\u00ed me gust\u00f3 mucho la t\u00e9cnica de Jiajing Lai&#8221;; pero tambi\u00e9n le gust\u00f3 mucho la pasi\u00f3n de Fran\u00e7ois L\u00f3pez-Ferrer; y le gust\u00f3 mucho como Rodolfo acompa\u00f1\u00f3 al solista y c\u00f3mo manejo el tiempo de trabajo, aunque la idea musical es diferente. &#8220;Lo que es importante a la hora de dirigir es tener una idea musical y despu\u00e9s c\u00f3mo voy a traducir esta idea musical para la orquesta que es un instrumento, aunque claro son muchos instrumentos, al final es un instrumento&#8221;.<br \/>En rueda de prensa, los miembros del jurado de este premio que entrega por vez primera por la Universidad Nacional Aut\u00f3noma de M\u00e9xico (UNAM), con el prop\u00f3sito de estimular la profesionalizaci\u00f3n de los j\u00f3venes directores que desarrollan una carrera internacional, se\u00f1alaron que la calidad y las cualidades de direcci\u00f3n, t\u00e9cnicas, musicales e incluso gestuales fueron parte de los criterios de selecci\u00f3n.<\/p>\n","protected":false},"excerpt":{"rendered":"<p>Tras una larga deliberaci\u00f3n de m\u00e1s de una hora, el jurado que estuvo presidido por Massimo Quarta dio a conocer que el segundo lugar fue para la directora china Jiajing Lai<\/p>\n","protected":false},"author":93,"featured_media":0,"comment_status":"open","ping_status":"open","sticky":false,"template":"","format":"standard","meta":{"footnotes":""},"categories":[41],"tags":[],"class_list":["post-70940","post","type-post","status-publish","format-standard","hentry","category-arteria-cultural"],"_links":{"self":[{"href":"https:\/\/plazajuarez.mx\/historico\/wp-json\/wp\/v2\/posts\/70940","targetHints":{"allow":["GET"]}}],"collection":[{"href":"https:\/\/plazajuarez.mx\/historico\/wp-json\/wp\/v2\/posts"}],"about":[{"href":"https:\/\/plazajuarez.mx\/historico\/wp-json\/wp\/v2\/types\/post"}],"author":[{"embeddable":true,"href":"https:\/\/plazajuarez.mx\/historico\/wp-json\/wp\/v2\/users\/93"}],"replies":[{"embeddable":true,"href":"https:\/\/plazajuarez.mx\/historico\/wp-json\/wp\/v2\/comments?post=70940"}],"version-history":[{"count":0,"href":"https:\/\/plazajuarez.mx\/historico\/wp-json\/wp\/v2\/posts\/70940\/revisions"}],"wp:attachment":[{"href":"https:\/\/plazajuarez.mx\/historico\/wp-json\/wp\/v2\/media?parent=70940"}],"wp:term":[{"taxonomy":"category","embeddable":true,"href":"https:\/\/plazajuarez.mx\/historico\/wp-json\/wp\/v2\/categories?post=70940"},{"taxonomy":"post_tag","embeddable":true,"href":"https:\/\/plazajuarez.mx\/historico\/wp-json\/wp\/v2\/tags?post=70940"}],"curies":[{"name":"wp","href":"https:\/\/api.w.org\/{rel}","templated":true}]}}