{"id":70935,"date":"2018-09-24T04:40:40","date_gmt":"2018-09-24T04:40:40","guid":{"rendered":"http:\/\/plazajuarez.mx\/index\/index.php\/2018\/09\/24\/santaolalla-no-teme-al-tiempo\/"},"modified":"2018-09-24T04:40:40","modified_gmt":"2018-09-24T04:40:40","slug":"santaolalla-no-teme-al-tiempo","status":"publish","type":"post","link":"https:\/\/plazajuarez.mx\/historico\/santaolalla-no-teme-al-tiempo\/","title":{"rendered":"Santaolalla no teme al tiempo"},"content":{"rendered":"<p>El m\u00fasico se presentar\u00e1 ma\u00f1ana martes en el Teatro de la Ciudad Esperanza Iris con el show &#8220;Desandando el camino&#8221;<\/p>\n<p>  <!--more-->  <\/p>\n<p>Apenas el mes pasado Gustavo Santaolalla cumpli\u00f3 67 a\u00f1os, y la energ\u00eda y ganas de seguir trabajando, dice, siguen tan intactas como en su juventud, aunque con una visi\u00f3n mucho m\u00e1s amplia de las cosas.<br \/>En entrevista, el m\u00fasico dice que agradece los reconocimientos que su carrera le ha dado y agrega que el paso de los a\u00f1os lo han llevado a ver las cosas bajo una \u00f3ptica diferente.<br \/>&#8220;Yo siento que en el desandar hay un poco del desaprender. Cuando nacemos y somos beb\u00e9s siento que tenemos una conexi\u00f3n con eso, de d\u00f3nde venimos, y en ese proceso de aprender nos olvidamos de otras cosas porque tenemos que adaptarnos a nuestra realidad pero llega un momento en la vida que siento que para seguir es necesario desaprender, resetear. Yo creo que una persona como yo, que siempre est\u00e1 mirando hacia adelante, que siempre quiere desaf\u00edos nuevos y al que no le gusta quedarse en su zona de confort, no mira hacia atr\u00e1s&#8221;.<br \/>Santaolalla, quien se presentar\u00e1 ma\u00f1ana martes en el Teatro de la Ciudad Esperanza Iris con el show &#8220;Desandando el camino&#8221;, comenta que en un momento de su vida necesit\u00f3 darse un tiempo para ver la evoluci\u00f3n de su vida y comprender su misi\u00f3n.<br \/>&#8220;En un momento dado sent\u00ed la necesidad de apretar el bot\u00f3n de pausa, cosa que nunca hab\u00eda hecho antes, quiz\u00e1s por motivos personales o por motivos de la edad, y sent\u00ed esa necesidad de mirar un poco c\u00f3mo es que llegu\u00e9 hasta ac\u00e1 y descubr\u00ed una atemporalidad en las canciones y en la m\u00fasica, hasta una modernidad, lo mismo con las letras; los paradigmas que me acompa\u00f1aban en aquel momento son los mismos que sigo teniendo ahora y son los que tienen que ver con la vida y la muerte, c\u00f3mo somos, de d\u00f3nde venimos, la desilusi\u00f3n. Hablar de esas cosas hoy en d\u00eda lo puedo hacer de una manera que no pude a los 30 a\u00f1os&#8221;.<br \/>Aun cuando posee dos premios Oscar, dos BAFTA y un Globo de oro, entre muchos otros, el productor argentino dice agradecer los premios que han llegado hasta sus manos, sin embargo, est\u00e1 consciente de que son el resultado del trabajo y no el fin con el que lo hace. Eso s\u00ed, admite que haber ganado dos premios de la Academia de alguna manera le sirvi\u00f3 para tomarse las cosas con m\u00e1s calma.<br \/>&#8220;Los premios son un reconocimiento que valoro, siempre y cuando est\u00e9 uno consiente de que el premio se lo dan al trabajo, no a uno. A veces los artistas se confunden y se creen que el premio se lo dan a ellos y resulta despu\u00e9s en actitudes necias que creen est\u00e1n asociadas con el \u00e9xito, yo no lo vivo de esa manera. Esos reconocimientos llegaron a mi vida cuando yo ten\u00eda un cierto camino recorrido, entonces lo tom\u00e9 de otra manera, pero no es que despu\u00e9s del Oscar piense \u00bfy ahora qu\u00e9 me gano? Nunca pens\u00e9 mi trabajo en t\u00e9rmino de los premios a ganar&#8221;.<br \/>Adem\u00e1s de trabajar en el pr\u00f3ximo \u00e1lbum de &#8220;Bajofondo&#8221; y un tributo a Jorge Gonz\u00e1lez, explic\u00f3 que a\u00fan con un poco de demora el musical inspirado en &#8220;El laberinto del Fauno&#8221; es algo que va sobre ruedas.<br \/>&#8220;Eso est\u00e1 de momento un poco parado porque Guillermo, as\u00ed como hago yo mil cosas, \u00e9l hace tres mil&#8221;.<\/p>\n","protected":false},"excerpt":{"rendered":"<p>El m\u00fasico se presentar\u00e1 ma\u00f1ana martes en el Teatro de la Ciudad Esperanza Iris con el show &#8220;Desandando el camino&#8221;<\/p>\n","protected":false},"author":93,"featured_media":0,"comment_status":"open","ping_status":"open","sticky":false,"template":"","format":"standard","meta":{"footnotes":""},"categories":[38],"tags":[],"class_list":["post-70935","post","type-post","status-publish","format-standard","hentry","category-show"],"_links":{"self":[{"href":"https:\/\/plazajuarez.mx\/historico\/wp-json\/wp\/v2\/posts\/70935","targetHints":{"allow":["GET"]}}],"collection":[{"href":"https:\/\/plazajuarez.mx\/historico\/wp-json\/wp\/v2\/posts"}],"about":[{"href":"https:\/\/plazajuarez.mx\/historico\/wp-json\/wp\/v2\/types\/post"}],"author":[{"embeddable":true,"href":"https:\/\/plazajuarez.mx\/historico\/wp-json\/wp\/v2\/users\/93"}],"replies":[{"embeddable":true,"href":"https:\/\/plazajuarez.mx\/historico\/wp-json\/wp\/v2\/comments?post=70935"}],"version-history":[{"count":0,"href":"https:\/\/plazajuarez.mx\/historico\/wp-json\/wp\/v2\/posts\/70935\/revisions"}],"wp:attachment":[{"href":"https:\/\/plazajuarez.mx\/historico\/wp-json\/wp\/v2\/media?parent=70935"}],"wp:term":[{"taxonomy":"category","embeddable":true,"href":"https:\/\/plazajuarez.mx\/historico\/wp-json\/wp\/v2\/categories?post=70935"},{"taxonomy":"post_tag","embeddable":true,"href":"https:\/\/plazajuarez.mx\/historico\/wp-json\/wp\/v2\/tags?post=70935"}],"curies":[{"name":"wp","href":"https:\/\/api.w.org\/{rel}","templated":true}]}}