{"id":70933,"date":"2018-09-24T04:40:26","date_gmt":"2018-09-24T04:40:26","guid":{"rendered":"http:\/\/plazajuarez.mx\/index\/index.php\/2018\/09\/24\/un-chupacabras-moderno-acecha-a-pimentel\/"},"modified":"2018-09-24T04:40:26","modified_gmt":"2018-09-24T04:40:26","slug":"un-chupacabras-moderno-acecha-a-pimentel","status":"publish","type":"post","link":"https:\/\/plazajuarez.mx\/historico\/un-chupacabras-moderno-acecha-a-pimentel\/","title":{"rendered":"Un &#8220;Chupacabras&#8221; moderno acecha a Pimentel"},"content":{"rendered":"<p>&#8220;El s\u00e9ptimo invitado&#8221;, t\u00edtulo del proyecto que encabeza el realizador chileno Hugo Vivar y cuyo rodaje est\u00e1 programado para 2019<\/p>\n<p>  <!--more-->  <\/p>\n<p>Una criatura olvidada por una nave espacial anda tras la pista de Esmeralda Pimentel y Sebasti\u00e1n Zurita para devorarlos en &#8220;El s\u00e9ptimo invitado&#8221;, t\u00edtulo del proyecto que encabeza el realizador chileno Hugo Vivar y cuyo rodaje est\u00e1 programado para 2019.<br \/>&#8220;Es una adaptaci\u00f3n original de la leyenda del &#8216;Chupacabras&#8217;, pero en el cine. Es una historia de seis chicos que van a pasar un fin de semana a una caba\u00f1a, aterriza una nave, sale y se les queda la mascota, que es este bicho que no ataca, sino que se come todo lo que encuentra&#8221;, detalla.<br \/>El gui\u00f3n corre a cargo de El\u00edas Godoy, mientras que la fotograf\u00eda ser\u00eda responsabilidad de Carlos Hidalgo (Guten tag Ram\u00f3n y Cantinflas), con la producci\u00f3n de S\u00e1nchez de la Pe\u00f1a, quien particip\u00f3 en el rodaje de &#8220;Spectre&#8221;, del agente &#8220;007 James Bond&#8221;, rodada en la Ciudad de M\u00e9xico.<br \/>Pimental y Zurita, junto con Karla Souza, conforman el abanico que la producci\u00f3n contempla para los personajes centrales.<br \/>El &#8220;Chupacabras&#8221; es un ente que se difundi\u00f3 masivamente en los 90 y que adem\u00e1s de extraer sangre a esos animales, presuntamente atacaba ranchos para matar gallinas. Se han producido filmes en Brasil al respecto y la serie &#8220;Los expedientes secretos X&#8221;, le dedic\u00f3 un cap\u00edtulo.<br \/>Con una inversi\u00f3n de 26 millones de pesos, &#8220;El s\u00e9ptimo invitado&#8221; ser\u00eda la segunda pel\u00edcula de Vivar tras &#8220;El expediente Atlimeyaya&#8221;, basada en el caso real de dos j\u00f3venes secuestrados por ovni en la d\u00e9cada de los 90, en Puebla.<\/p>\n","protected":false},"excerpt":{"rendered":"<p>&#8220;El s\u00e9ptimo invitado&#8221;, t\u00edtulo del proyecto que encabeza el realizador chileno Hugo Vivar y cuyo rodaje est\u00e1 programado para 2019<\/p>\n","protected":false},"author":93,"featured_media":0,"comment_status":"open","ping_status":"open","sticky":false,"template":"","format":"standard","meta":{"footnotes":""},"categories":[38],"tags":[],"class_list":["post-70933","post","type-post","status-publish","format-standard","hentry","category-show"],"_links":{"self":[{"href":"https:\/\/plazajuarez.mx\/historico\/wp-json\/wp\/v2\/posts\/70933","targetHints":{"allow":["GET"]}}],"collection":[{"href":"https:\/\/plazajuarez.mx\/historico\/wp-json\/wp\/v2\/posts"}],"about":[{"href":"https:\/\/plazajuarez.mx\/historico\/wp-json\/wp\/v2\/types\/post"}],"author":[{"embeddable":true,"href":"https:\/\/plazajuarez.mx\/historico\/wp-json\/wp\/v2\/users\/93"}],"replies":[{"embeddable":true,"href":"https:\/\/plazajuarez.mx\/historico\/wp-json\/wp\/v2\/comments?post=70933"}],"version-history":[{"count":0,"href":"https:\/\/plazajuarez.mx\/historico\/wp-json\/wp\/v2\/posts\/70933\/revisions"}],"wp:attachment":[{"href":"https:\/\/plazajuarez.mx\/historico\/wp-json\/wp\/v2\/media?parent=70933"}],"wp:term":[{"taxonomy":"category","embeddable":true,"href":"https:\/\/plazajuarez.mx\/historico\/wp-json\/wp\/v2\/categories?post=70933"},{"taxonomy":"post_tag","embeddable":true,"href":"https:\/\/plazajuarez.mx\/historico\/wp-json\/wp\/v2\/tags?post=70933"}],"curies":[{"name":"wp","href":"https:\/\/api.w.org\/{rel}","templated":true}]}}