{"id":70932,"date":"2018-09-24T04:40:10","date_gmt":"2018-09-24T04:40:10","guid":{"rendered":"http:\/\/plazajuarez.mx\/index\/index.php\/2018\/09\/24\/sofia-nino-de-rivera-confirma-su-embarazo-en-redes-sociales\/"},"modified":"2018-09-24T04:40:10","modified_gmt":"2018-09-24T04:40:10","slug":"sofia-nino-de-rivera-confirma-su-embarazo-en-redes-sociales","status":"publish","type":"post","link":"https:\/\/plazajuarez.mx\/historico\/sofia-nino-de-rivera-confirma-su-embarazo-en-redes-sociales\/","title":{"rendered":"Sof\u00eda Ni\u00f1o de Rivera confirma su embarazo en redes sociales"},"content":{"rendered":"<p>La standupera Sof\u00eda Ni\u00f1o de Rivera public\u00f3 en Instagram una fotograf\u00eda con la que confirm\u00f3 su embarazo.<\/p>\n<p>  <!--more-->  <\/p>\n<p>Desde el pasado agosto circularon versiones acerca de que Sof\u00eda se convertir\u00eda en madre y este fin de semana dej\u00f3 ver su vientre.<br \/>En la imagen, en la que aparece junto a su esposo -Jorge Berm\u00fadez- Sof\u00eda luci\u00f3 un ajustado vestido largo con el que mostr\u00f3 su &#8220;pancita&#8221;.<br \/>La publicaci\u00f3n ya tiene m\u00e1s de 80 mil &#8220;me gusta&#8221;.<br \/>Ni\u00f1o de Rivera y Berm\u00fadez se casaron el pasado abril y en esa ocasi\u00f3n, Sof\u00eda tambi\u00e9n dio a conocer la noticia a trav\u00e9s de su cuenta de Instagram.<\/p>\n","protected":false},"excerpt":{"rendered":"<p>La standupera Sof\u00eda Ni\u00f1o de Rivera public\u00f3 en Instagram una fotograf\u00eda con la que confirm\u00f3 su embarazo.<\/p>\n","protected":false},"author":93,"featured_media":0,"comment_status":"open","ping_status":"open","sticky":false,"template":"","format":"standard","meta":{"footnotes":""},"categories":[38],"tags":[],"class_list":["post-70932","post","type-post","status-publish","format-standard","hentry","category-show"],"_links":{"self":[{"href":"https:\/\/plazajuarez.mx\/historico\/wp-json\/wp\/v2\/posts\/70932","targetHints":{"allow":["GET"]}}],"collection":[{"href":"https:\/\/plazajuarez.mx\/historico\/wp-json\/wp\/v2\/posts"}],"about":[{"href":"https:\/\/plazajuarez.mx\/historico\/wp-json\/wp\/v2\/types\/post"}],"author":[{"embeddable":true,"href":"https:\/\/plazajuarez.mx\/historico\/wp-json\/wp\/v2\/users\/93"}],"replies":[{"embeddable":true,"href":"https:\/\/plazajuarez.mx\/historico\/wp-json\/wp\/v2\/comments?post=70932"}],"version-history":[{"count":0,"href":"https:\/\/plazajuarez.mx\/historico\/wp-json\/wp\/v2\/posts\/70932\/revisions"}],"wp:attachment":[{"href":"https:\/\/plazajuarez.mx\/historico\/wp-json\/wp\/v2\/media?parent=70932"}],"wp:term":[{"taxonomy":"category","embeddable":true,"href":"https:\/\/plazajuarez.mx\/historico\/wp-json\/wp\/v2\/categories?post=70932"},{"taxonomy":"post_tag","embeddable":true,"href":"https:\/\/plazajuarez.mx\/historico\/wp-json\/wp\/v2\/tags?post=70932"}],"curies":[{"name":"wp","href":"https:\/\/api.w.org\/{rel}","templated":true}]}}