{"id":70930,"date":"2018-09-24T04:37:35","date_gmt":"2018-09-24T04:37:35","guid":{"rendered":"http:\/\/plazajuarez.mx\/index\/index.php\/2018\/09\/24\/un-policia-federal-se-dispara-accidentalmente-y-resulta-herido\/"},"modified":"2018-09-24T04:37:35","modified_gmt":"2018-09-24T04:37:35","slug":"un-policia-federal-se-dispara-accidentalmente-y-resulta-herido","status":"publish","type":"post","link":"https:\/\/plazajuarez.mx\/historico\/un-policia-federal-se-dispara-accidentalmente-y-resulta-herido\/","title":{"rendered":"UN POLIC\u00cdA FEDERAL SE DISPARA ACCIDENTALMENTE Y RESULTA HERIDO"},"content":{"rendered":"<p>EN EL BULEVAR MINERO DE PACHUCA <\/p>\n<p>  <!--more-->  <\/p>\n<p>El oficial ingresaba a un detenido a los juzgados federales, para enfrentar un proceso, pero el Polic\u00eda Federal, de nombre F.R., de aproximadamente 25 a\u00f1os de edad sali\u00f3 herido<br \/>De manera accidental, un elemento de la Polic\u00eda Federal result\u00f3 lesionado, luego de que al sacar su arma de fuego de cargo, esta se le accion\u00f3 y el proyectil le peg\u00f3 en un pie, por lo que fue auxiliado por socorristas de la Cruz Roja que lo trasladaron a la cl\u00ednica Interm\u00e9dica de Pachuca.<br \/>La contingencia tuvo lugar el pasado s\u00e1bado al filo de las 18:40 horas, al interior del Poder Judicial de la Federaci\u00f3n que se localiza en el bulevar Minero de Pachuca.<br \/>Al momento del percance, el oficial ingresaba a un detenido a los juzgados federales, para que enfrentar\u00e1 un proceso, pero el elemento de la Polic\u00eda Federal, de nombre F.R., de aproximadamente 25 a\u00f1os de edad, result\u00f3 lesionado.<br \/>Al lugar se trasladaron elementos de la Polic\u00eda Municipal de Pachuca y efectivos de la Polic\u00eda del Estado, quienes tomaron conocimiento del percance y prestaron apoyo al afectado.<br \/>Finalmente la pronta llegada de socorristas de la Cruz Roja, a bordo de la unidad HGO-127 permiti\u00f3 que al polic\u00eda federal, se le brindar\u00e1n las primeras atenciones y luego de estabilizarlo, decidieron su urgente traslado al nosocomio antes descrito.<\/p>\n","protected":false},"excerpt":{"rendered":"<p>EN EL BULEVAR MINERO DE PACHUCA<\/p>\n","protected":false},"author":93,"featured_media":0,"comment_status":"open","ping_status":"open","sticky":false,"template":"","format":"standard","meta":{"footnotes":""},"categories":[37],"tags":[],"class_list":["post-70930","post","type-post","status-publish","format-standard","hentry","category-barandilla"],"_links":{"self":[{"href":"https:\/\/plazajuarez.mx\/historico\/wp-json\/wp\/v2\/posts\/70930","targetHints":{"allow":["GET"]}}],"collection":[{"href":"https:\/\/plazajuarez.mx\/historico\/wp-json\/wp\/v2\/posts"}],"about":[{"href":"https:\/\/plazajuarez.mx\/historico\/wp-json\/wp\/v2\/types\/post"}],"author":[{"embeddable":true,"href":"https:\/\/plazajuarez.mx\/historico\/wp-json\/wp\/v2\/users\/93"}],"replies":[{"embeddable":true,"href":"https:\/\/plazajuarez.mx\/historico\/wp-json\/wp\/v2\/comments?post=70930"}],"version-history":[{"count":0,"href":"https:\/\/plazajuarez.mx\/historico\/wp-json\/wp\/v2\/posts\/70930\/revisions"}],"wp:attachment":[{"href":"https:\/\/plazajuarez.mx\/historico\/wp-json\/wp\/v2\/media?parent=70930"}],"wp:term":[{"taxonomy":"category","embeddable":true,"href":"https:\/\/plazajuarez.mx\/historico\/wp-json\/wp\/v2\/categories?post=70930"},{"taxonomy":"post_tag","embeddable":true,"href":"https:\/\/plazajuarez.mx\/historico\/wp-json\/wp\/v2\/tags?post=70930"}],"curies":[{"name":"wp","href":"https:\/\/api.w.org\/{rel}","templated":true}]}}