{"id":70271,"date":"2018-09-10T11:44:31","date_gmt":"2018-09-10T11:44:31","guid":{"rendered":"http:\/\/plazajuarez.mx\/index\/index.php\/2018\/09\/10\/la-suerte-es-de-quien-la-trabaja\/"},"modified":"2020-04-14T22:32:44","modified_gmt":"2020-04-14T22:32:44","slug":"la-suerte-es-de-quien-la-trabaja","status":"publish","type":"post","link":"https:\/\/plazajuarez.mx\/historico\/la-suerte-es-de-quien-la-trabaja\/","title":{"rendered":"\u00a1La suerte es de quien la trabaja!"},"content":{"rendered":"<p>PULSO DEL MEZQUITAL<\/p>\n<p>  <!--more-->  <\/p>\n<p>Cuando est\u00e1bamos a punto de perder la fe en la humanidad, hay gente que hace un esfuerzo por devolvernos la esperanza, ponernos de pie, respirar profundo y decir esas palabras m\u00e1gicas que a cualquiera lo pone a uno de buenas, \u00a1ingue su&#8230;!, sabiendo que siempre vendr\u00e1n, tiempos mejores. No estoy hablando del nuevo gobierno que viene, o de que alguien haya adoptado un firulais sin due\u00f1o, sino de cosas que realmente trascendentales, como la contrataci\u00f3n de Maradona para dirigir a los Dorados de Sinaloa, un equipo de futbol ranchero, pero que se va dar el gusto, cosa que no cualquiera, pag\u00e1ndole una piscacha, centavos m\u00e1s centavos menos, unos 103 mil pesos diarios, algunos dir\u00e1n que eso es mucho dinero, pero en buena onda, todos tenemos gustitos culposos, no tienen la culpa all\u00e1 en Culiac\u00e1n, ser tan exquisitos y decir, tomen perros al momento que le sueltan un fajo de puros \u201cBenis\u201d (obvio de 500) y es m\u00e1s, \u201cp\u00f3nganle aguacate\u201d.<br \/>\u00a0Sin embargo, en estos tiempos de la austeridad, los resentidazos sociales dir\u00e1n, que es obsceno que este tipo de informaci\u00f3n se genere en un pa\u00eds, donde mientras unos se quejan otros no amanecen, donde los profesionistas apenas y ganan seis mil pesos al mes, que el desempleo en personas acad\u00e9micamente preparadas es muy alto o peor a\u00fan, que se invierta m\u00e1s en \u201cfucho\u201d que en educaci\u00f3n; obviamente, lo dicen quienes no tienen visi\u00f3n, si los sinaloenses trajeron a alguien que ama la pachanga, el aquelarre y el perico, significa que ser\u00e1 un cliente local, adem\u00e1s pudiente, ya no habr\u00e1 necesidad de andar vendiendo grapitas de 100 pesitos rebajadas con talco. <br \/>Pero si es usted de esos que se queja de la vida, que se levanta y se da con la pata de la cama en el dedo chiquito, que sus amigos le dicen el camar\u00f3n, por salado o que siempre le toca bailar con la m\u00e1s fea, es porque no conocen a mi amigo, Roberto N\u00fa\u00f1ez Vizzuett, quien ya deber\u00eda matar v\u00edbora en viernes, para ver si le trae un poco de fortuna. <br \/>Cuando estaba a punto de disfrutar las delicias del condenado poder, le echaron abajo su diputaci\u00f3n local, que gan\u00f3 con mucho esfuerzo, bueno, el esfuerzo de sus abogados, porque en realidad perdi\u00f3 la elecci\u00f3n pasada, pero seg\u00fan unos trutr\u00fas legales, permiten a quienes fracasan en las urnas, llegar como legisladores por la v\u00eda de representaci\u00f3n proporcional, la cual previamente se hab\u00eda asignado a otro ex candidato, una cosa compleja que mejor no le explico, pero se la volvieron a quitar. <br \/>Pero a los que la suerte s\u00ed les sonri\u00f3, es a la mayor\u00eda de diputados de Morena, que andan como chivos en cristaler\u00eda, m\u00e1s hiperactivos que un muchacho en edad de la punzada, como ni\u00f1os con juguete nuevo, andan tan insoportables, que hasta pidieron la desaparici\u00f3n de poderes en Hidalgo, solo que olvidaron un ligero detalle, liger\u00edsimo, de haber prosperado, tambi\u00e9n el poder legislativo local deb\u00eda desaparecer. Aqu\u00ed es donde saca uno al fresa que todos traemos dentro para decirles, o sea, c\u00f3mprense una goma y b\u00f3rrense, s\u00fabanse a un \u00e1rbol y maduren, en serio, que perro oso, verg\u00fcenza nacional. <\/p>\n<p>En corto: <br \/>\u00a0\u00a0 \u00a0\u2022\u00a0\u00a0 \u00a0El PRI en Hidalgo, lleva a cabo encuentros con la estructura del partido en cada municipio, presuntamente en una etapa de reflexi\u00f3n y la recomposici\u00f3n del mismo. \u2028<br \/>\u00a0\u00a0 \u00a0\u2022\u00a0\u00a0 \u00a0 Ayer, se hizo un encuentro de algunos prestadores de servicios tur\u00edsticos, para la plataforma del pr\u00f3ximo gobierno federal de apoyo a este sector.\u2028<br \/>S\u00edgame en twitter<br \/>@MarkoCabanas<\/p>\n<p>Mi correo<br \/>markorey2013@gmail.com<\/p>\n<p><\/p>\n","protected":false},"excerpt":{"rendered":"<p>PULSO DEL MEZQUITAL<\/p>\n","protected":false},"author":75,"featured_media":0,"comment_status":"open","ping_status":"open","sticky":false,"template":"","format":"standard","meta":{"footnotes":""},"categories":[87,42],"tags":[],"class_list":["post-70271","post","type-post","status-publish","format-standard","hentry","category-marco-cabanas","category-nuestrapalabra"],"_links":{"self":[{"href":"https:\/\/plazajuarez.mx\/historico\/wp-json\/wp\/v2\/posts\/70271","targetHints":{"allow":["GET"]}}],"collection":[{"href":"https:\/\/plazajuarez.mx\/historico\/wp-json\/wp\/v2\/posts"}],"about":[{"href":"https:\/\/plazajuarez.mx\/historico\/wp-json\/wp\/v2\/types\/post"}],"author":[{"embeddable":true,"href":"https:\/\/plazajuarez.mx\/historico\/wp-json\/wp\/v2\/users\/75"}],"replies":[{"embeddable":true,"href":"https:\/\/plazajuarez.mx\/historico\/wp-json\/wp\/v2\/comments?post=70271"}],"version-history":[{"count":0,"href":"https:\/\/plazajuarez.mx\/historico\/wp-json\/wp\/v2\/posts\/70271\/revisions"}],"wp:attachment":[{"href":"https:\/\/plazajuarez.mx\/historico\/wp-json\/wp\/v2\/media?parent=70271"}],"wp:term":[{"taxonomy":"category","embeddable":true,"href":"https:\/\/plazajuarez.mx\/historico\/wp-json\/wp\/v2\/categories?post=70271"},{"taxonomy":"post_tag","embeddable":true,"href":"https:\/\/plazajuarez.mx\/historico\/wp-json\/wp\/v2\/tags?post=70271"}],"curies":[{"name":"wp","href":"https:\/\/api.w.org\/{rel}","templated":true}]}}