{"id":70268,"date":"2018-09-10T11:42:10","date_gmt":"2018-09-10T11:42:10","guid":{"rendered":"http:\/\/plazajuarez.mx\/index\/index.php\/2018\/09\/10\/provocacion-inadmisible-2\/"},"modified":"2018-09-10T11:42:10","modified_gmt":"2018-09-10T11:42:10","slug":"provocacion-inadmisible-2","status":"publish","type":"post","link":"https:\/\/plazajuarez.mx\/historico\/provocacion-inadmisible-2\/","title":{"rendered":"Provocaci\u00f3n inadmisible"},"content":{"rendered":"<p>\u00a0\u00a0\u00a0 \u2022\u00a0\u00a0 \u00a0 No es por la v\u00eda de los golpes como se dirimen nuestras divergencias y menos cuando se manipula a j\u00f3venes agresores contra j\u00f3venes agredidos\u2028<\/p>\n<p>  <!--more-->  <\/p>\n<p>Simplemente inadmisibles e inaceptables, las muestras de alta violencia con la que un grupo de j\u00f3venes de los llamados &#8220;porros&#8221;, cancela abrupta, impune y salvajemente, el libre y pac\u00edfico ejercicio de derechos de otros universitarios, que estaban expresando sus opiniones e inconformidades ante las autoridades universitarias dentro del campus central de CU.<br \/>Indirectamente ha sido una afrenta para toda la comunidad y en general para toda la sociedad, porque tambi\u00e9n se han violentado nuestros derechos para convivir colectivamente en paz y sin temor; de ah\u00ed la gran respuesta de alumnos, acad\u00e9micos y trabajadores administrativos para repeler la violencia y la inseguridad.<br \/>Estos hechos son inadmisibles por la violencia en s\u00ed y la flagrante vejaci\u00f3n de derechos, pero tambi\u00e9n, porque es en el espacio universitario en donde debe prevalecer la raz\u00f3n, las ideas y los argumentos que posibilitan una sana convivencia dentro de la gran diversidad y pluralidad con la que se conforma nuestra comunidad. No es por la v\u00eda de los golpes como se dirimen nuestras divergencias y menos cuando se manipula a j\u00f3venes agresores contra j\u00f3venes agredidos.<br \/>Nuestras discrepancias internas son parte de nuestra riqueza y de la gran inteligencia que aportan todos los d\u00edas nuestros profesores e investigadores para transmitir o generar nuevos conocimientos en las diversas \u00e1reas de estudio que ofrece la Universidad a toda la naci\u00f3n.<br \/>Con independencia de las acciones legales que se han emprendido contra las personas que resulten responsables por estos hechos, creo que seguir\u00e1 siendo el di\u00e1logo respetuoso, tolerante e incluyente, la principal herramienta con la que se habr\u00e1n de alcanzar los acuerdos necesarios dentro de las diversas instancias universitarias, para que se haga un frente com\u00fan contra el porrismo que intimida y que condiciona nuestra paz y convivencia civilizada. Claro est\u00e1 que, sin el apoyo externo del Estado, poco o nada se va a lograr, dado que la Universidad no cuenta con facultades de ley, para ejercer el monopolio del uso de la fuerza coactiva contra quien cometa un delito, por la simple raz\u00f3n que sus fines son de otra naturaleza, como lo es la educaci\u00f3n e investigaci\u00f3n universitaria, as\u00ed como la difusi\u00f3n de la cultura.<br \/>Las sanciones penales en contra de los golpeadores que fueron captados por c\u00e1maras deben de ser inmediatas y proporcionadas con el da\u00f1o causado, con todos los agravantes que la ley considera. Dejar sin sanci\u00f3n a quienes en flagrancia han sido se\u00f1alados como responsables directos de generar actos tan violentos dejar\u00eda una gran frustraci\u00f3n social por la impunidad e injusticia con la que las instancias de procuraci\u00f3n, desatienden los asuntos de su competencia en la persecuci\u00f3n del delito. Hay delitos claramente documentados que deben ser resueltos. Sin m\u00e1s.<br \/>En los momentos en donde hay la intenci\u00f3n por provocar y desestabilizar a la Universidad, debemos de estar unidos y organizados, para resolver con nuestros propios medios y con nuestra legislaci\u00f3n interna, los desaf\u00edos que se presentan en lo inmediato y que son notoriamente ajenos a los principios e intereses de la Universidad.<br \/>Espero que, con prudencia, con las experiencias que hemos tenido, no caigamos en ninguna provocaci\u00f3n o trampa que nos quiera dividir y enfrentar. Esto \u00fanicamente favorecer\u00eda los apetitos de los que buscan cancelar la buena marcha que lleva al d\u00eda de hoy la Universidad Nacional Aut\u00f3noma de M\u00e9xico. No lo permitamos.<br \/>Post Scriptum. No veo c\u00f3mo explicar a mis alumnos de la UNAM y del ITAM, con la Constituci\u00f3n en mano, c\u00f3mo es que un gobernador astuto y con mucho poder puede ostentar al mismo tiempo, dos cargos de elecci\u00f3n popular, con mandatos empalmados y diferenciados. Despu\u00e9s de 23 a\u00f1os de dar la misma clase, ahora no s\u00e9 c\u00f3mo explicar la divisi\u00f3n de poderes y la no concentraci\u00f3n del poder en unas manos. No s\u00e9.<br \/>Twitter: @Jorge_IslasLo<\/p>\n","protected":false},"excerpt":{"rendered":"<p>\u00a0\u00a0\u00a0 \u2022\u00a0\u00a0 \u00a0 No es por la v\u00eda de los golpes como se dirimen nuestras divergencias y menos cuando se manipula a j\u00f3venes agresores contra j\u00f3venes agredidos\u2028<\/p>\n","protected":false},"author":93,"featured_media":0,"comment_status":"open","ping_status":"open","sticky":false,"template":"","format":"standard","meta":{"footnotes":""},"categories":[42],"tags":[],"class_list":["post-70268","post","type-post","status-publish","format-standard","hentry","category-nuestrapalabra"],"_links":{"self":[{"href":"https:\/\/plazajuarez.mx\/historico\/wp-json\/wp\/v2\/posts\/70268","targetHints":{"allow":["GET"]}}],"collection":[{"href":"https:\/\/plazajuarez.mx\/historico\/wp-json\/wp\/v2\/posts"}],"about":[{"href":"https:\/\/plazajuarez.mx\/historico\/wp-json\/wp\/v2\/types\/post"}],"author":[{"embeddable":true,"href":"https:\/\/plazajuarez.mx\/historico\/wp-json\/wp\/v2\/users\/93"}],"replies":[{"embeddable":true,"href":"https:\/\/plazajuarez.mx\/historico\/wp-json\/wp\/v2\/comments?post=70268"}],"version-history":[{"count":0,"href":"https:\/\/plazajuarez.mx\/historico\/wp-json\/wp\/v2\/posts\/70268\/revisions"}],"wp:attachment":[{"href":"https:\/\/plazajuarez.mx\/historico\/wp-json\/wp\/v2\/media?parent=70268"}],"wp:term":[{"taxonomy":"category","embeddable":true,"href":"https:\/\/plazajuarez.mx\/historico\/wp-json\/wp\/v2\/categories?post=70268"},{"taxonomy":"post_tag","embeddable":true,"href":"https:\/\/plazajuarez.mx\/historico\/wp-json\/wp\/v2\/tags?post=70268"}],"curies":[{"name":"wp","href":"https:\/\/api.w.org\/{rel}","templated":true}]}}