{"id":69453,"date":"2018-08-28T11:22:09","date_gmt":"2018-08-28T11:22:09","guid":{"rendered":"http:\/\/plazajuarez.mx\/index\/index.php\/2018\/08\/28\/que-hidalgo-sea-visto-como-el-nuevo-polo-de-desarrollo-del-pais-ofm\/"},"modified":"2018-08-28T11:22:09","modified_gmt":"2018-08-28T11:22:09","slug":"que-hidalgo-sea-visto-como-el-nuevo-polo-de-desarrollo-del-pais-ofm","status":"publish","type":"post","link":"https:\/\/plazajuarez.mx\/historico\/que-hidalgo-sea-visto-como-el-nuevo-polo-de-desarrollo-del-pais-ofm\/","title":{"rendered":"\u201cQue Hidalgo sea visto como el nuevo polo de desarrollo del pa\u00eds\u201d: OFM"},"content":{"rendered":"<p>\u00a0\u00a0\u00a0 \u2022\u00a0\u00a0 \u00a0El gobernador de la entidad inform\u00f3 que ya tuvo acercamiento con el presidente de la rep\u00fablica electo, Andr\u00e9s Manuel L\u00f3pez Obrador \u2028<\/p>\n<p>  <!--more-->  <\/p>\n<p>\u201cVienen nuevos tiempos para Hidalgo, para que no se van de manera distinta y aspiro pronto a que el nuevo gobierno de la rep\u00fablica tambi\u00e9n nos vea con entusiasmo, con ganas \u00a0y a que el propio\u00a0 gobierno de la rep\u00fablica sepa que si le apuesta a Hidalgo le va ir bien porque van a aumentar sus cifras r\u00e1pidamente\u201d, dijo el gobernador del estado, luego de asistir a la reuni\u00f3n que tuvieron los gobernadores \u00a0con el presidente de la rep\u00fablica electo Andr\u00e9s Manuel L\u00f3pez Obrador.<\/p>\n<p>El mandatario estatal destac\u00f3 que el anhelo de su administraci\u00f3n es convertir a Hidalgo en el \u201cnuevo polo de desarrollo del pa\u00eds\u201d, por lo que la atracci\u00f3n de inversi\u00f3n y la generaci\u00f3n de miles de empleos son algunos de los pasos que se han dado y que se ver\u00e1n reflejados en el pr\u00f3ximo informe de gobierno que presentar\u00e1 en el mes de septiembre.<\/p>\n<p>\u201cCreo que para el informe del d\u00eda cinco, vamos a cerrar \u00a0ya la carpeta con 33 mil\u00a0 millones de inversi\u00f3n aproximadamente, acaba el a\u00f1o pol\u00edtico que me toca como gobernador \u00a0informar pero no termina el 2018, porque yo espero todav\u00eda darles grandes sorpresas para el 2018 en materia de inversi\u00f3n, generaci\u00f3n de empleo, y de desarrollo econ\u00f3mico que puedan servir para que Hidalgo siga creciendo y le vaya mejor\u201d, dijo.<\/p>\n<p>De igual forma se\u00f1al\u00f3 que en la reuni\u00f3n sostenida con el presidente electo, se han tocado algunos temas al respecto, \u201cHidalgo que est\u00e1 tratando de crecer, salir adelante, he mandado el mensaje m\u00e1s claro y est\u00e1 trillado, estamos listos para trabajar con el nuevo presidente hoy lo vi, ma\u00f1ana me reunir\u00e9 otra vez con el presidente electo y le mandamos un mensaje muy claro, incluso lo hicimos para no tener que participar todos, le escribimos un desplegado de cinco puntos muy importantes para ayudarlo\u201d.<\/p>\n<p>Y agreg\u00f3 la necesidad que existe entre los gobiernos para trabajar en conjunto, \u201csi lo ayudamos, si voltea a Hidalgo si nos ve con buenos ojos y si ve que aqu\u00ed \u00a0tiene un buen potencial para el desarrollo,\u00a0 estoy seguro que tendremos su apoyo\u00a0 y respaldo para salir adelante m\u00e1s all\u00e1 de visiones partidistas, sectarias, o pol\u00edticas que no nos permitir\u00edan trabajar en conjunto por un bien com\u00fan, el bienestar de la ciudadan\u00eda\u201d.<\/p>\n","protected":false},"excerpt":{"rendered":"<p>\u00a0\u00a0\u00a0 \u2022\u00a0\u00a0 \u00a0El gobernador de la entidad inform\u00f3 que ya tuvo acercamiento con el presidente de la rep\u00fablica electo, Andr\u00e9s Manuel L\u00f3pez Obrador \u2028<\/p>\n","protected":false},"author":93,"featured_media":0,"comment_status":"open","ping_status":"open","sticky":false,"template":"","format":"standard","meta":{"footnotes":""},"categories":[59],"tags":[],"class_list":["post-69453","post","type-post","status-publish","format-standard","hentry","category-general"],"_links":{"self":[{"href":"https:\/\/plazajuarez.mx\/historico\/wp-json\/wp\/v2\/posts\/69453","targetHints":{"allow":["GET"]}}],"collection":[{"href":"https:\/\/plazajuarez.mx\/historico\/wp-json\/wp\/v2\/posts"}],"about":[{"href":"https:\/\/plazajuarez.mx\/historico\/wp-json\/wp\/v2\/types\/post"}],"author":[{"embeddable":true,"href":"https:\/\/plazajuarez.mx\/historico\/wp-json\/wp\/v2\/users\/93"}],"replies":[{"embeddable":true,"href":"https:\/\/plazajuarez.mx\/historico\/wp-json\/wp\/v2\/comments?post=69453"}],"version-history":[{"count":0,"href":"https:\/\/plazajuarez.mx\/historico\/wp-json\/wp\/v2\/posts\/69453\/revisions"}],"wp:attachment":[{"href":"https:\/\/plazajuarez.mx\/historico\/wp-json\/wp\/v2\/media?parent=69453"}],"wp:term":[{"taxonomy":"category","embeddable":true,"href":"https:\/\/plazajuarez.mx\/historico\/wp-json\/wp\/v2\/categories?post=69453"},{"taxonomy":"post_tag","embeddable":true,"href":"https:\/\/plazajuarez.mx\/historico\/wp-json\/wp\/v2\/tags?post=69453"}],"curies":[{"name":"wp","href":"https:\/\/api.w.org\/{rel}","templated":true}]}}