{"id":69450,"date":"2018-08-28T11:22:02","date_gmt":"2018-08-28T11:22:02","guid":{"rendered":"http:\/\/plazajuarez.mx\/index\/index.php\/2018\/08\/28\/resaltan-la-importancia-de-la-denuncia\/"},"modified":"2018-08-28T11:22:02","modified_gmt":"2018-08-28T11:22:02","slug":"resaltan-la-importancia-de-la-denuncia","status":"publish","type":"post","link":"https:\/\/plazajuarez.mx\/historico\/resaltan-la-importancia-de-la-denuncia\/","title":{"rendered":"Resaltan la importancia de la denuncia"},"content":{"rendered":"<p>EN HIDALGO <br \/>Se debe privilegiar la denuncia, ya que la falta de esta privilegia el aumento de los actos violentos en el estado, afirma Sim\u00f3n Vargas <\/p>\n<p>  <!--more-->  <\/p>\n<p>El secretario de Gobierno, Sim\u00f3n Vargas Aguilar, inst\u00f3 a la ciudadan\u00eda hidalguense a denunciar los delitos y cualquier acto violento que se registren, ya que afirm\u00f3 que ante la falta de \u00e9sta se favorece el crecimiento de la inseguridad, adem\u00e1s que estos hechos queden impunes y que los grupos delincuenciales sigan actuando. <br \/>\u00a0\u00a0 \u00a0Ante los acontecimientos de las \u00faltimas semanas, el funcionario declar\u00f3 que se est\u00e1 privilegiando en el exhorto de la denuncia como un m\u00e9todo clave en el combate de la delincuencia en el estado, y afirm\u00f3 que \u201cno es posible que la gente diga que fueron v\u00edctimas de alg\u00fan delito y despu\u00e9s de queden calladas\u201d. <br \/>\u00a0\u00a0 \u00a0Expuso el ejemplo del caso del secuestro de la diputada federal electa de Veracruz, Azucena Rodr\u00edguez Zamora, acontecido en el municipio de Acaxochitl\u00e1n la pasada semana, y que se supo fue encontrada con vida; y en ese caso, refiri\u00f3 que la familia no ha querido realizar la denuncia correspondiente, y que por tal motivo de les va a conminar a que acudan con las autoridades y aporten informaci\u00f3n para la captura de los responsables.<br \/>\u00a0\u00a0 \u00a0Admiti\u00f3 que esta zona es propensa a que delincuentes realicen secuestros, sin embargo, declar\u00f3 que de las v\u00edctimas que han logrado salir ilesos o con vida no han aportado la informaci\u00f3n suficiente para poder consolidar una investigaci\u00f3n, y por ende, el seguimiento del o los presuntos responsables. <br \/>\u00a0\u00a0 \u00a0Refiri\u00f3 que el silencio ante los hechos delincuenciales hace da\u00f1o a la integridad y a la seguridad de las personas, afirmando que \u201csi bien es cierto que esto lo que acontece y se dice sobre los \u00faltimos d\u00edas, pues lo \u00fanico que se hace es que queda en impunidad y que los grupos de delincuencia sigan operando\u201d. <br \/>\u00a0\u00a0 \u00a0Por otro lado, manifest\u00f3 que los grupos de seguridad tratan de trabajar con la informaci\u00f3n que existe en disponibilidad para lograr un seguimiento adecuado, no obstante, declar\u00f3 que hace falta una mayor participaci\u00f3n de la ciudadan\u00eda, y que por tal motivo se necesita el reforzamiento de la denuncia como un arma en beneficio de la colectividad. <br \/>\u00a0\u00a0 \u00a0Vargas declar\u00f3 que el principal tema que se est\u00e1 enfocado por indicaciones del gobierno estatal es la seguridad p\u00fablica, del cual se est\u00e1 trabajando en conjunto con los gobiernos municipales, y con el apoyo de instancias federales, aunque no se deja de atender otros asuntos. <\/p>\n","protected":false},"excerpt":{"rendered":"<p>EN HIDALGO Se debe privilegiar la denuncia, ya que la falta de esta privilegia el aumento de los actos violentos en el estado, afirma Sim\u00f3n Vargas<\/p>\n","protected":false},"author":93,"featured_media":0,"comment_status":"open","ping_status":"open","sticky":false,"template":"","format":"standard","meta":{"footnotes":""},"categories":[59],"tags":[],"class_list":["post-69450","post","type-post","status-publish","format-standard","hentry","category-general"],"_links":{"self":[{"href":"https:\/\/plazajuarez.mx\/historico\/wp-json\/wp\/v2\/posts\/69450","targetHints":{"allow":["GET"]}}],"collection":[{"href":"https:\/\/plazajuarez.mx\/historico\/wp-json\/wp\/v2\/posts"}],"about":[{"href":"https:\/\/plazajuarez.mx\/historico\/wp-json\/wp\/v2\/types\/post"}],"author":[{"embeddable":true,"href":"https:\/\/plazajuarez.mx\/historico\/wp-json\/wp\/v2\/users\/93"}],"replies":[{"embeddable":true,"href":"https:\/\/plazajuarez.mx\/historico\/wp-json\/wp\/v2\/comments?post=69450"}],"version-history":[{"count":0,"href":"https:\/\/plazajuarez.mx\/historico\/wp-json\/wp\/v2\/posts\/69450\/revisions"}],"wp:attachment":[{"href":"https:\/\/plazajuarez.mx\/historico\/wp-json\/wp\/v2\/media?parent=69450"}],"wp:term":[{"taxonomy":"category","embeddable":true,"href":"https:\/\/plazajuarez.mx\/historico\/wp-json\/wp\/v2\/categories?post=69450"},{"taxonomy":"post_tag","embeddable":true,"href":"https:\/\/plazajuarez.mx\/historico\/wp-json\/wp\/v2\/tags?post=69450"}],"curies":[{"name":"wp","href":"https:\/\/api.w.org\/{rel}","templated":true}]}}