{"id":69448,"date":"2018-08-28T01:36:40","date_gmt":"2018-08-28T01:36:40","guid":{"rendered":"http:\/\/plazajuarez.mx\/index\/index.php\/2018\/08\/28\/implementan-programa-borron-y-cuenta-nueva-si-verifico-no-contamino\/"},"modified":"2018-08-28T01:36:40","modified_gmt":"2018-08-28T01:36:40","slug":"implementan-programa-borron-y-cuenta-nueva-si-verifico-no-contamino","status":"publish","type":"post","link":"https:\/\/plazajuarez.mx\/historico\/implementan-programa-borron-y-cuenta-nueva-si-verifico-no-contamino\/","title":{"rendered":"Implementan programa &#8220;Borr\u00f3n y Cuenta Nueva; Si Verifico, No Contamino&#8221;"},"content":{"rendered":"<p><span style=\"font-weight: 400;\">Busca mejorar la calidad del aire en la entidad.<\/span><\/p>\n<p>  <!--more-->  <\/p>\n<p><span style=\"font-weight: 400;\">La ma\u00f1ana de este lunes en conferencia de prensa, la Secretaria de Medio Ambiente y Recursos Naturales de Hidalgo (Semarnath) present\u00f3 el programa de verificaci\u00f3n correspondiente a la segunda mitad del 2018, mismo que se titul\u00f3 &#8220;Borr\u00f3n y Cuenta Nueva; Si Verifico, No Contamino&#8221;, y que estar\u00e1 vigente hasta el pr\u00f3ximo 31 de diciembre.<\/span><\/p>\n<p><span style=\"font-weight: 400;\">De acuerdo con Benjam\u00edn Rico Moreno, titular de la secretar\u00eda, el objetivo del programa es disminuir la contaminaci\u00f3n por smog en la entidad, pues indic\u00f3 que de los primeros 180 d\u00edas del a\u00f1o solo 30 tuvieron una buena calidad del aire y se\u00f1al\u00f3 que se espera que con la activaci\u00f3n de este plan, este n\u00famero aumente durante lo que resta del a\u00f1o.<\/span><\/p>\n<p><span style=\"font-weight: 400;\">De la misma manera, Rico Moreno dijo que buscando que sean m\u00e1s los conductores que lleven a verificar sus veh\u00edculos, se les otorgar\u00e1n descuentos del 50 por ciento en la multa correspondiente a aquellos que tengan dos o m\u00e1s periodos vencidos, mientras que para aquellos que deban uno, o en todo caso sean conductores de alguna unidad de transporte p\u00fablico se les condonar\u00e1 dicha multa.<\/span><\/p>\n<p><span style=\"font-weight: 400;\">El titular de la Semarnath se\u00f1al\u00f3 que gir\u00f3 \u00f3rdenes para que los 50 puntos de verificaci\u00f3n con los que cuenta la entidad ampl\u00eden su horario de servicio, mismo que ser\u00e1 desde las 8:30 hasta las 20 horas de lunes a s\u00e1bado, mientras que los domingos funcionar\u00e1n desde las 8:30 hasta las 16 horas.<\/span><\/p>\n<p><span style=\"font-weight: 400;\">\u201cLa contaminaci\u00f3n del aire es una es un importante riesgo para la salud, la reducci\u00f3n de los niveles de contaminaci\u00f3n inciden en la disminuci\u00f3n de enfermedades tanto respiratorias, como cardiovasculares, es por ello en el \u00a0programa de calidad del aire 2016-2024 en donde se busca reducir emisiones en varios puntos estrat\u00e9gicos\u201d, indic\u00f3.<\/span><\/p>\n<p><span style=\"font-weight: 400;\">Por otro lado, Raquel Ram\u00edrez, directora general de la administraci\u00f3n y gesti\u00f3n p\u00fablica de la dependencia indic\u00f3 que ser\u00e1n tres los esquemas de ahorro con los que cuente dicho programa en donde los principales beneficiados ser\u00e1n los veh\u00edculos particulares, los de transporte p\u00fablico y de carga, adem\u00e1s de los de emergencia.<\/span><\/p>\n","protected":false},"excerpt":{"rendered":"<p>Busca mejorar la calidad del aire en la entidad.<\/p>\n","protected":false},"author":6,"featured_media":0,"comment_status":"open","ping_status":"open","sticky":false,"template":"","format":"standard","meta":{"footnotes":""},"categories":[59],"tags":[],"class_list":["post-69448","post","type-post","status-publish","format-standard","hentry","category-general"],"_links":{"self":[{"href":"https:\/\/plazajuarez.mx\/historico\/wp-json\/wp\/v2\/posts\/69448","targetHints":{"allow":["GET"]}}],"collection":[{"href":"https:\/\/plazajuarez.mx\/historico\/wp-json\/wp\/v2\/posts"}],"about":[{"href":"https:\/\/plazajuarez.mx\/historico\/wp-json\/wp\/v2\/types\/post"}],"author":[{"embeddable":true,"href":"https:\/\/plazajuarez.mx\/historico\/wp-json\/wp\/v2\/users\/6"}],"replies":[{"embeddable":true,"href":"https:\/\/plazajuarez.mx\/historico\/wp-json\/wp\/v2\/comments?post=69448"}],"version-history":[{"count":0,"href":"https:\/\/plazajuarez.mx\/historico\/wp-json\/wp\/v2\/posts\/69448\/revisions"}],"wp:attachment":[{"href":"https:\/\/plazajuarez.mx\/historico\/wp-json\/wp\/v2\/media?parent=69448"}],"wp:term":[{"taxonomy":"category","embeddable":true,"href":"https:\/\/plazajuarez.mx\/historico\/wp-json\/wp\/v2\/categories?post=69448"},{"taxonomy":"post_tag","embeddable":true,"href":"https:\/\/plazajuarez.mx\/historico\/wp-json\/wp\/v2\/tags?post=69448"}],"curies":[{"name":"wp","href":"https:\/\/api.w.org\/{rel}","templated":true}]}}