{"id":69447,"date":"2018-08-28T00:49:43","date_gmt":"2018-08-28T00:49:43","guid":{"rendered":"http:\/\/plazajuarez.mx\/index\/index.php\/2018\/08\/28\/confirman-muerte-del-lider-de-huachicoleros-en-puebla\/"},"modified":"2018-08-28T00:49:43","modified_gmt":"2018-08-28T00:49:43","slug":"confirman-muerte-del-lider-de-huachicoleros-en-puebla","status":"publish","type":"post","link":"https:\/\/plazajuarez.mx\/historico\/confirman-muerte-del-lider-de-huachicoleros-en-puebla\/","title":{"rendered":"Confirman muerte del l\u00edder de huachicoleros en Puebla"},"content":{"rendered":"<p style=\"text-align: justify;\">Asesinado durante un tiroteo, es se\u00f1alado de ser responsable del asesinato de seis polic\u00edas del municipio de Amozoc.<\/p>\n<p>  <!--more-->  <\/p>\n<p style=\"text-align: justify;\">Autoridades poblanas confirmaron que el l\u00edder huachicolero, el &#8220;Comandante 30&#8221;, fue abatido la madrugada del domingo por elementos de la Secretar\u00eda de Marina (Semar).<\/p>\n<p style=\"text-align: justify;\">El l\u00edder delincuencial, asesinado durante un tiroteo, es se\u00f1alado de ser responsable del asesinato de seis polic\u00edas del municipio de Amozoc, hecho ocurrido el 15 de junio.<\/p>\n<p style=\"text-align: justify;\">En conferencia de prensa, el fiscal de Investigaci\u00f3n Metropolitana de la Fiscal\u00eda General del Estado, Gustavo Huerta Yedra, explic\u00f3 que de las armas aseguradas dos pertenecen a polic\u00edas municipales asesinados en Amozoc, que fueron emboscados por delincuentes dedicados al robo de gas LP, luego de atender una llamada de emergencia falsa el 15 de junio.<\/p>\n<p style=\"text-align: justify;\">&#8220;Cay\u00f3 abatido \u00e9l y siete de sus escoltas, tambi\u00e9n se asegur\u00f3 una pipa que ven\u00edan escoltando, y tambi\u00e9n se aseguraron siete armas de fuego, es importante destacar que de estas siete armas, dos son armas que portaban los polic\u00edas municipales de Amozoc asesinados&#8221;, inform\u00f3.<\/p>\n<p style=\"text-align: justify;\">Puntualiz\u00f3 que el operativo en contra del &#8220;Comandante 30&#8221; se deriv\u00f3 por un trabajo de coordinaci\u00f3n entre autoridades locales y federales, permitiendo ubicar la zona de operaci\u00f3n del delincuente, adem\u00e1s de las rutas por donde contrabandeaba el hidrocarburo robado.<\/p>\n<p style=\"text-align: justify;\">Este domingo por la madrugada se report\u00f3 en la inspector\u00eda de San Miguel Espejo de Puebla, un enfrentamiento entre elementos de la Semar con delincuentes dedicados a la extracci\u00f3n ilegal de combustible.<\/p>\n<p style=\"text-align: justify;\">Durante las primeras horas trascendi\u00f3 que en el lugar de los hechos, falleci\u00f3 el &#8220;Comandante 30&#8221;, adem\u00e1s de otros sujetos pertenecientes a la banda criminal Los Cuijes, versi\u00f3n que fue confirmada este lunes por la FGE.<\/p>\n","protected":false},"excerpt":{"rendered":"<p>Asesinado durante un tiroteo, es se\u00f1alado de ser responsable del asesinato de seis polic\u00edas del municipio de Amozoc.<\/p>\n","protected":false},"author":1,"featured_media":0,"comment_status":"open","ping_status":"open","sticky":false,"template":"","format":"standard","meta":{"footnotes":""},"categories":[37],"tags":[],"class_list":["post-69447","post","type-post","status-publish","format-standard","hentry","category-barandilla"],"_links":{"self":[{"href":"https:\/\/plazajuarez.mx\/historico\/wp-json\/wp\/v2\/posts\/69447","targetHints":{"allow":["GET"]}}],"collection":[{"href":"https:\/\/plazajuarez.mx\/historico\/wp-json\/wp\/v2\/posts"}],"about":[{"href":"https:\/\/plazajuarez.mx\/historico\/wp-json\/wp\/v2\/types\/post"}],"author":[{"embeddable":true,"href":"https:\/\/plazajuarez.mx\/historico\/wp-json\/wp\/v2\/users\/1"}],"replies":[{"embeddable":true,"href":"https:\/\/plazajuarez.mx\/historico\/wp-json\/wp\/v2\/comments?post=69447"}],"version-history":[{"count":0,"href":"https:\/\/plazajuarez.mx\/historico\/wp-json\/wp\/v2\/posts\/69447\/revisions"}],"wp:attachment":[{"href":"https:\/\/plazajuarez.mx\/historico\/wp-json\/wp\/v2\/media?parent=69447"}],"wp:term":[{"taxonomy":"category","embeddable":true,"href":"https:\/\/plazajuarez.mx\/historico\/wp-json\/wp\/v2\/categories?post=69447"},{"taxonomy":"post_tag","embeddable":true,"href":"https:\/\/plazajuarez.mx\/historico\/wp-json\/wp\/v2\/tags?post=69447"}],"curies":[{"name":"wp","href":"https:\/\/api.w.org\/{rel}","templated":true}]}}