{"id":69446,"date":"2018-08-28T00:40:39","date_gmt":"2018-08-28T00:40:39","guid":{"rendered":"http:\/\/plazajuarez.mx\/index\/index.php\/2018\/08\/28\/la-reina-isabel-tendra-la-custodia-de-los-hijos-de-meghan-y-harry\/"},"modified":"2018-08-28T00:40:39","modified_gmt":"2018-08-28T00:40:39","slug":"la-reina-isabel-tendra-la-custodia-de-los-hijos-de-meghan-y-harry","status":"publish","type":"post","link":"https:\/\/plazajuarez.mx\/historico\/la-reina-isabel-tendra-la-custodia-de-los-hijos-de-meghan-y-harry\/","title":{"rendered":"La reina Isabel tendr\u00e1 la custodia de los hijos de Meghan y Harry"},"content":{"rendered":"<p style=\"text-align: justify;\">Esto est\u00e1 estipulado en una ley que data del siglo XVIII.<\/p>\n<p>  <!--more-->  <\/p>\n<p style=\"text-align: justify;\">Una de las noticias que m\u00e1s esperadas por el pueblo brit\u00e1nico desde que Meghan Markle y el pr\u00edncipe Harry contrajeron matrimonio, es la llegada de su primog\u00e9nito, suceso del cual los dos ya han hablado y esperan en un futuro no tan lejano.<\/p>\n<p style=\"text-align: justify;\">A pesar de no saber el d\u00eda para recibir el tan a\u00f1orado anuncio, lo que s\u00ed se sabe es que la custodia del futuro hijo no le pertenecer\u00e1 a los duques de Sussex, sino a la reina Isabel II.<\/p>\n<p style=\"text-align: justify;\">\u201cLa raz\u00f3n de lo anterior se debe a que el soberano tiene la custodia legal de sus nietos&#8221;, asegur\u00f3 Marlene Koenig, experta en temas de realeza a la revista &#8220;Cosmopolitan&#8221;.<\/p>\n<p style=\"text-align: justify;\">Esto est\u00e1 estipulado en una ley que data del siglo XVIII, por lo que la monarca fue la tutora de los pr\u00edncipes William y Harry mientras fueron menores de edad. Y actualmente lo es de Luisa y Jacobo, hijos del conde Wessex.<\/p>\n<p style=\"text-align: justify;\">&#8220;Esto viene del rey Jorge I, y las leyes nunca fueron cambiadas. Lo hizo porque ten\u00eda una relaci\u00f3n muy pobre con su hijo, el futuro rey Jorge II, as\u00ed que decidi\u00f3 crearla para que el rey fuera el tutor de sus nietos&#8221;, afirm\u00f3 Marlene.<\/p>\n","protected":false},"excerpt":{"rendered":"<p>Esto est\u00e1 estipulado en una ley que data del siglo XVIII.<\/p>\n","protected":false},"author":1,"featured_media":0,"comment_status":"open","ping_status":"open","sticky":false,"template":"","format":"standard","meta":{"footnotes":""},"categories":[38],"tags":[],"class_list":["post-69446","post","type-post","status-publish","format-standard","hentry","category-show"],"_links":{"self":[{"href":"https:\/\/plazajuarez.mx\/historico\/wp-json\/wp\/v2\/posts\/69446","targetHints":{"allow":["GET"]}}],"collection":[{"href":"https:\/\/plazajuarez.mx\/historico\/wp-json\/wp\/v2\/posts"}],"about":[{"href":"https:\/\/plazajuarez.mx\/historico\/wp-json\/wp\/v2\/types\/post"}],"author":[{"embeddable":true,"href":"https:\/\/plazajuarez.mx\/historico\/wp-json\/wp\/v2\/users\/1"}],"replies":[{"embeddable":true,"href":"https:\/\/plazajuarez.mx\/historico\/wp-json\/wp\/v2\/comments?post=69446"}],"version-history":[{"count":0,"href":"https:\/\/plazajuarez.mx\/historico\/wp-json\/wp\/v2\/posts\/69446\/revisions"}],"wp:attachment":[{"href":"https:\/\/plazajuarez.mx\/historico\/wp-json\/wp\/v2\/media?parent=69446"}],"wp:term":[{"taxonomy":"category","embeddable":true,"href":"https:\/\/plazajuarez.mx\/historico\/wp-json\/wp\/v2\/categories?post=69446"},{"taxonomy":"post_tag","embeddable":true,"href":"https:\/\/plazajuarez.mx\/historico\/wp-json\/wp\/v2\/tags?post=69446"}],"curies":[{"name":"wp","href":"https:\/\/api.w.org\/{rel}","templated":true}]}}