{"id":69443,"date":"2018-08-27T23:46:03","date_gmt":"2018-08-27T23:46:03","guid":{"rendered":"http:\/\/plazajuarez.mx\/index\/index.php\/2018\/08\/27\/ricardo-ferretti-tendra-reunion-en-la-fmf\/"},"modified":"2018-08-27T23:46:03","modified_gmt":"2018-08-27T23:46:03","slug":"ricardo-ferretti-tendra-reunion-en-la-fmf","status":"publish","type":"post","link":"https:\/\/plazajuarez.mx\/historico\/ricardo-ferretti-tendra-reunion-en-la-fmf\/","title":{"rendered":"Ricardo Ferretti tendr\u00e1 reuni\u00f3n en la FMF"},"content":{"rendered":"<p>\u00a0El &#8220;Tuca&#8221; ha manifestado que tiene pensado llamar a jugadores j\u00f3venes.<\/p>\n<p>  <!--more-->  <\/p>\n<p style=\"text-align: justify;\">Ricardo &#8220;Tuca&#8221; Ferretti, recientemente nombrado t\u00e9cnico nacional interino para los duelos contra Estados Unidos y Uruguay, se encuentra en la Ciudad de M\u00e9xico para una reuni\u00f3n con gente de la FMF para elaborar la lista de convocados que se dar\u00e1 a conocer el jueves o viernes.<\/p>\n<p style=\"text-align: justify;\">Para estos partidos de car\u00e1cter amistoso, el &#8220;Tuca&#8221; ha manifestado que tiene pensado llamar a jugadores j\u00f3venes, con vistas al proceso hacia el 2022, que \u00e9l ya asegur\u00f3, no encabezar\u00e1.<\/p>\n<p style=\"text-align: justify;\"><strong>Los rivales tambi\u00e9n tienen sus problemas<\/strong><\/p>\n<p style=\"text-align: justify;\">Por el conjunto de Las Barras y las Estrellas, tambi\u00e9n hay un entrenador provisional Dave Sarachan, quien se encuentra a la espera de que lo refrenden o traigan a alguien para ocupar el puesto en tanto que los uruguayos pusieron a su equipo en manos del t\u00e9cnico Sub 20, Lionel Scaloni, mientras se resuelve el conflicto de la Asociaci\u00f3n, que fue intervenida por la FIFA, lo que provoc\u00f3 que \u00d3scar Tab\u00e1rez no renovara contrato hasta el momento.<\/p>\n","protected":false},"excerpt":{"rendered":"<p>\u00a0El &#8220;Tuca&#8221; ha manifestado que tiene pensado llamar a jugadores j\u00f3venes.<\/p>\n","protected":false},"author":1,"featured_media":0,"comment_status":"open","ping_status":"open","sticky":false,"template":"","format":"standard","meta":{"footnotes":""},"categories":[39],"tags":[],"class_list":["post-69443","post","type-post","status-publish","format-standard","hentry","category-deportiva"],"_links":{"self":[{"href":"https:\/\/plazajuarez.mx\/historico\/wp-json\/wp\/v2\/posts\/69443","targetHints":{"allow":["GET"]}}],"collection":[{"href":"https:\/\/plazajuarez.mx\/historico\/wp-json\/wp\/v2\/posts"}],"about":[{"href":"https:\/\/plazajuarez.mx\/historico\/wp-json\/wp\/v2\/types\/post"}],"author":[{"embeddable":true,"href":"https:\/\/plazajuarez.mx\/historico\/wp-json\/wp\/v2\/users\/1"}],"replies":[{"embeddable":true,"href":"https:\/\/plazajuarez.mx\/historico\/wp-json\/wp\/v2\/comments?post=69443"}],"version-history":[{"count":0,"href":"https:\/\/plazajuarez.mx\/historico\/wp-json\/wp\/v2\/posts\/69443\/revisions"}],"wp:attachment":[{"href":"https:\/\/plazajuarez.mx\/historico\/wp-json\/wp\/v2\/media?parent=69443"}],"wp:term":[{"taxonomy":"category","embeddable":true,"href":"https:\/\/plazajuarez.mx\/historico\/wp-json\/wp\/v2\/categories?post=69443"},{"taxonomy":"post_tag","embeddable":true,"href":"https:\/\/plazajuarez.mx\/historico\/wp-json\/wp\/v2\/tags?post=69443"}],"curies":[{"name":"wp","href":"https:\/\/api.w.org\/{rel}","templated":true}]}}