{"id":69442,"date":"2018-08-27T23:14:25","date_gmt":"2018-08-27T23:14:25","guid":{"rendered":"http:\/\/plazajuarez.mx\/index\/index.php\/2018\/08\/27\/amlo-realiza-su-primer-viaje-como-presidente-electo\/"},"modified":"2018-08-27T23:14:25","modified_gmt":"2018-08-27T23:14:25","slug":"amlo-realiza-su-primer-viaje-como-presidente-electo","status":"publish","type":"post","link":"https:\/\/plazajuarez.mx\/historico\/amlo-realiza-su-primer-viaje-como-presidente-electo\/","title":{"rendered":"AMLO realiza su primer viaje como presidente electo"},"content":{"rendered":"<p style=\"text-align: justify;\">Este martes el presidente electo se reunir\u00e1 con el mandatario de Guatemala, Jimmy Morales, en Tuxtla Guti\u00e9rrez.<\/p>\n<p>  <!--more-->  <\/p>\n<p style=\"text-align: justify;\">Andr\u00e9s Manuel L\u00f3pez Obrador realiz\u00f3 este lunes su primer viaje, en vuelo comercial, como presidente electo.<\/p>\n<p style=\"text-align: justify;\">El pol\u00edtico de Tabasco sali\u00f3 de la Ciudad de M\u00e9xico en un vuelo de Aerom\u00e9xico a Tuxtla Guti\u00e9rrez, Chiapas, donde inaugurar\u00e1 los foros de educaci\u00f3n. Acompa\u00f1ado de C\u00e9sar Y\u00e1\u00f1ez y el pr\u00f3ximo titular de Educaci\u00f3n, Esteban Moctezuma, tomaron el vuelo de las 13:10 horas.<\/p>\n<p style=\"text-align: justify;\">Este martes el presidente electo se reunir\u00e1 con el mandatario de Guatemala, Jimmy Morales, en Tuxtla Guti\u00e9rrez.<\/p>\n","protected":false},"excerpt":{"rendered":"<p>Este martes el presidente electo se reunir\u00e1 con el mandatario de Guatemala, Jimmy Morales, en Tuxtla Guti\u00e9rrez.<\/p>\n","protected":false},"author":1,"featured_media":0,"comment_status":"open","ping_status":"open","sticky":false,"template":"","format":"standard","meta":{"footnotes":""},"categories":[36],"tags":[],"class_list":["post-69442","post","type-post","status-publish","format-standard","hentry","category-nacion"],"_links":{"self":[{"href":"https:\/\/plazajuarez.mx\/historico\/wp-json\/wp\/v2\/posts\/69442","targetHints":{"allow":["GET"]}}],"collection":[{"href":"https:\/\/plazajuarez.mx\/historico\/wp-json\/wp\/v2\/posts"}],"about":[{"href":"https:\/\/plazajuarez.mx\/historico\/wp-json\/wp\/v2\/types\/post"}],"author":[{"embeddable":true,"href":"https:\/\/plazajuarez.mx\/historico\/wp-json\/wp\/v2\/users\/1"}],"replies":[{"embeddable":true,"href":"https:\/\/plazajuarez.mx\/historico\/wp-json\/wp\/v2\/comments?post=69442"}],"version-history":[{"count":0,"href":"https:\/\/plazajuarez.mx\/historico\/wp-json\/wp\/v2\/posts\/69442\/revisions"}],"wp:attachment":[{"href":"https:\/\/plazajuarez.mx\/historico\/wp-json\/wp\/v2\/media?parent=69442"}],"wp:term":[{"taxonomy":"category","embeddable":true,"href":"https:\/\/plazajuarez.mx\/historico\/wp-json\/wp\/v2\/categories?post=69442"},{"taxonomy":"post_tag","embeddable":true,"href":"https:\/\/plazajuarez.mx\/historico\/wp-json\/wp\/v2\/tags?post=69442"}],"curies":[{"name":"wp","href":"https:\/\/api.w.org\/{rel}","templated":true}]}}