{"id":69437,"date":"2018-08-27T16:27:07","date_gmt":"2018-08-27T16:27:07","guid":{"rendered":"http:\/\/plazajuarez.mx\/index\/index.php\/2018\/08\/27\/anuncia-pena-nieto-entendimiento-comercial-con-eu\/"},"modified":"2018-08-27T16:27:07","modified_gmt":"2018-08-27T16:27:07","slug":"anuncia-pena-nieto-entendimiento-comercial-con-eu","status":"publish","type":"post","link":"https:\/\/plazajuarez.mx\/historico\/anuncia-pena-nieto-entendimiento-comercial-con-eu\/","title":{"rendered":"Anuncia Pe\u00f1a Nieto entendimiento comercial con EU"},"content":{"rendered":"<p><span style=\"font-weight: 400;\">Pe\u00f1a Nieto se\u00f1al\u00f3 a trav\u00e9s de su cuenta en twitter que desean la reincorporaci\u00f3n de Canad\u00e1 a las pl\u00e1ticas para lograr una exitosa negociaci\u00f3n trilateral.<\/span><\/p>\n<p>  <!--more-->  <\/p>\n<p>Luego de hablar por tel\u00e9fono con el presidente de Estados Unidos, Donald Trump, el mandatario mexicano, Enrique Pe\u00f1a Nieto anunci\u00f3 que M\u00e9xico y Estados Unidos han alcanzado un entendimiento comercial en el marco de las negociaciones del Tratado de Libre Comercio d Am\u00e9rica del Norte (TLCAN).<\/p>\n<p><span style=\"font-weight: 400;\">Pe\u00f1a Nieto se\u00f1al\u00f3 a trav\u00e9s de su cuenta en twitter que desean la reincorporaci\u00f3n de Canad\u00e1 a las pl\u00e1ticas para lograr una exitosa negociaci\u00f3n trilateral.<\/span><\/p>\n<p><span style=\"font-weight: 400;\">&#8220;He hablado con el Presidente @realDonaldTrump. M\u00e9xico y Estados Unidos han alcanzado un entendimiento comercial. Deseamos la reincorporaci\u00f3n de Canad\u00e1 a las pl\u00e1ticas para lograr una exitosa negociaci\u00f3n trilateral del TLCAN esta misma semana&#8221;, inform\u00f3 Pe\u00f1a Nieto.<\/span><\/p>\n<p><span style=\"font-weight: 400;\">Pe\u00f1a Nieto expres\u00f3 al primer ministro de Canad\u00e1, Justin Trudeau, el inter\u00e9s de M\u00e9xico para que su pa\u00eds se reincorpore a la negociaci\u00f3n del TLCAN.<br \/><\/span><span style=\"font-weight: 400;\"><br \/>La noche del domingo ambos l\u00edderes hablaron por tel\u00e9fono sobre el estado que guardan las negociaciones en torno a este acuerdo comercial de la regi\u00f3n, en el que participa Estados Unidos.<\/p>\n<p>Por su parte,\u00a0<\/span><\/p>\n","protected":false},"excerpt":{"rendered":"<p>Pe\u00f1a Nieto se\u00f1al\u00f3 a trav\u00e9s de su cuenta en twitter que desean la reincorporaci\u00f3n de Canad\u00e1 a las pl\u00e1ticas para lograr una exitosa negociaci\u00f3n trilateral.<\/p>\n","protected":false},"author":6,"featured_media":0,"comment_status":"open","ping_status":"open","sticky":false,"template":"","format":"standard","meta":{"footnotes":""},"categories":[36],"tags":[],"class_list":["post-69437","post","type-post","status-publish","format-standard","hentry","category-nacion"],"_links":{"self":[{"href":"https:\/\/plazajuarez.mx\/historico\/wp-json\/wp\/v2\/posts\/69437","targetHints":{"allow":["GET"]}}],"collection":[{"href":"https:\/\/plazajuarez.mx\/historico\/wp-json\/wp\/v2\/posts"}],"about":[{"href":"https:\/\/plazajuarez.mx\/historico\/wp-json\/wp\/v2\/types\/post"}],"author":[{"embeddable":true,"href":"https:\/\/plazajuarez.mx\/historico\/wp-json\/wp\/v2\/users\/6"}],"replies":[{"embeddable":true,"href":"https:\/\/plazajuarez.mx\/historico\/wp-json\/wp\/v2\/comments?post=69437"}],"version-history":[{"count":0,"href":"https:\/\/plazajuarez.mx\/historico\/wp-json\/wp\/v2\/posts\/69437\/revisions"}],"wp:attachment":[{"href":"https:\/\/plazajuarez.mx\/historico\/wp-json\/wp\/v2\/media?parent=69437"}],"wp:term":[{"taxonomy":"category","embeddable":true,"href":"https:\/\/plazajuarez.mx\/historico\/wp-json\/wp\/v2\/categories?post=69437"},{"taxonomy":"post_tag","embeddable":true,"href":"https:\/\/plazajuarez.mx\/historico\/wp-json\/wp\/v2\/tags?post=69437"}],"curies":[{"name":"wp","href":"https:\/\/api.w.org\/{rel}","templated":true}]}}