{"id":69420,"date":"2018-08-27T14:14:44","date_gmt":"2018-08-27T14:14:44","guid":{"rendered":"http:\/\/plazajuarez.mx\/index\/index.php\/2018\/08\/27\/inauguran-estacionamiento-del-panteon-municipal\/"},"modified":"2018-08-27T14:14:44","modified_gmt":"2018-08-27T14:14:44","slug":"inauguran-estacionamiento-del-panteon-municipal","status":"publish","type":"post","link":"https:\/\/plazajuarez.mx\/historico\/inauguran-estacionamiento-del-panteon-municipal\/","title":{"rendered":"Inauguran estacionamiento del pante\u00f3n municipal"},"content":{"rendered":"<p>\u00a0<\/p>\n<p>Con la presencia de autoridades municipales y representantes de la empresa Cemex el fin de semana fue inaugurado el estacionamiento del pante\u00f3n municipal, obra que destac\u00f3 el delegado Javier Monroy Villa se logr\u00f3 gracias a la suma de \u00a0esfuerzo de varias personas.<\/p>\n<p>  <!--more-->  <\/p>\n<p>\u00a0<\/p>\n<p>Al dar la bienvenida a los asistentes el delegado Javier Monroy dio cuenta de todas las personas que colaboraron para hacer realidad uno de los proyectos m\u00e1s ambiciosos de la comunidad de Boxfi.<\/p>\n<p>\u00a0<\/p>\n<p>El encargado de informar los detalles de la obra fue el director de Obra P\u00fablica Municipal Emilio L\u00f3pez Mendoza, quien reconoci\u00f3 la labor del delegado al haber tocado muchas puertas hasta lograr que el proyecto se concretar\u00e1, toda vez que era una obra necesaria que beneficiar\u00e1 no solo a los vecinos del lugar sino de todo el municipio que acuden al camposanto a visitar a sus seres queridos.<\/p>\n<p>\u00a0<\/p>\n<p>Coment\u00f3 que el municipio tambi\u00e9n aport\u00f3 su granito de \u00e1rea y que de manera conjunta se logr\u00f3 concluir la obra que tuvo un costo de poco m\u00e1s de un mill\u00f3n 750 mil pesos y que se desarroll\u00f3 en un \u00e1rea de m\u00e1s de 2 mil metros cuadrados de los cuales m\u00e1s de mil 900 son de concreto hidr\u00e1ulico lo que permiti\u00f3 contar con 63 cajones de estacionamiento.<\/p>\n<p>\u00a0<\/p>\n<p>Adem\u00e1s de que se construyeron banquetas y guarniciones, muros de piedra y se acondicion\u00f3 un \u00e1rea verde y que tendr\u00e1 como beneficiarios directos a toda la cabecera municipal y las localidades que tienen alguna persona en el pante\u00f3n.<\/p>\n<p>\u00a0<\/p>\n<p>En su momento el presidente municipal Ra\u00fal L\u00f3pez Ram\u00edrez agradeci\u00f3 el apoyo de todos quienes participaron en la construcci\u00f3n del estacionamiento, en particular reconoci\u00f3 la disposici\u00f3n de Cemex por la aportaci\u00f3n de los agregados y el cemento, adem\u00e1s de que destac\u00f3 la gesti\u00f3n del delegado municipal.<\/p>\n<p>\u00a0<\/p>\n<p>L\u00f3pez Ram\u00edrez recalc\u00f3 que las obras y las acciones no dependen de una sola persona sino que es un conjunto de esfuerzos y que por eso se reconoce el trabajo de todos quienes se sumaron al proyecto.<\/p>\n<p>Cabe mencionar que al evento de inauguraci\u00f3n acudi\u00f3 la presidenta del Sistema DIF Municipal, Marcela Mart\u00ednez Cervantes, la s\u00edndica procurador Silvia Laura S\u00e1nchez Tovar, as\u00ed como el gerente de Cemex Planta Atotonilco, Juan Carlos Ch\u00e1vez y Alejandra Villeda, asesora de Responsabilidad Social y Desarrollo Sostenible, adem\u00e1s de asamble\u00edstas y vecinos del lugar.<\/p>\n<p>\u00a0<\/p>\n<p>Finalmente se reconoci\u00f3 el apoyo para la obra del hoy diputado federal electo Julio C\u00e9sar \u00c1ngeles Mendoza quien se en su momento como alcalde gir\u00f3 instrucciones para que se fortaleciera el proyecto.<\/p>\n<p>\u00a0<\/p>\n","protected":false},"excerpt":{"rendered":"<p>\u00a0 Con la presencia de autoridades municipales y representantes de la empresa Cemex el fin de semana fue inaugurado el estacionamiento del pante\u00f3n municipal, obra que destac\u00f3 el delegado Javier Monroy Villa se logr\u00f3 gracias a la suma de \u00a0esfuerzo de varias personas.<\/p>\n","protected":false},"author":3,"featured_media":0,"comment_status":"open","ping_status":"open","sticky":false,"template":"","format":"standard","meta":{"footnotes":""},"categories":[40],"tags":[],"class_list":["post-69420","post","type-post","status-publish","format-standard","hentry","category-region"],"_links":{"self":[{"href":"https:\/\/plazajuarez.mx\/historico\/wp-json\/wp\/v2\/posts\/69420","targetHints":{"allow":["GET"]}}],"collection":[{"href":"https:\/\/plazajuarez.mx\/historico\/wp-json\/wp\/v2\/posts"}],"about":[{"href":"https:\/\/plazajuarez.mx\/historico\/wp-json\/wp\/v2\/types\/post"}],"author":[{"embeddable":true,"href":"https:\/\/plazajuarez.mx\/historico\/wp-json\/wp\/v2\/users\/3"}],"replies":[{"embeddable":true,"href":"https:\/\/plazajuarez.mx\/historico\/wp-json\/wp\/v2\/comments?post=69420"}],"version-history":[{"count":0,"href":"https:\/\/plazajuarez.mx\/historico\/wp-json\/wp\/v2\/posts\/69420\/revisions"}],"wp:attachment":[{"href":"https:\/\/plazajuarez.mx\/historico\/wp-json\/wp\/v2\/media?parent=69420"}],"wp:term":[{"taxonomy":"category","embeddable":true,"href":"https:\/\/plazajuarez.mx\/historico\/wp-json\/wp\/v2\/categories?post=69420"},{"taxonomy":"post_tag","embeddable":true,"href":"https:\/\/plazajuarez.mx\/historico\/wp-json\/wp\/v2\/tags?post=69420"}],"curies":[{"name":"wp","href":"https:\/\/api.w.org\/{rel}","templated":true}]}}