{"id":69411,"date":"2018-08-27T04:05:33","date_gmt":"2018-08-27T04:05:33","guid":{"rendered":"http:\/\/plazajuarez.mx\/index\/index.php\/2018\/08\/27\/objecion-de-conciencia\/"},"modified":"2018-08-27T04:05:33","modified_gmt":"2018-08-27T04:05:33","slug":"objecion-de-conciencia","status":"publish","type":"post","link":"https:\/\/plazajuarez.mx\/historico\/objecion-de-conciencia\/","title":{"rendered":"Objeci\u00f3n de conciencia"},"content":{"rendered":"<p>\u00a0\u00a0\u00a0 \u2022\u00a0\u00a0 \u00a0En abril, el Congreso de la Uni\u00f3n aprob\u00f3 la inclusi\u00f3n de la objeci\u00f3n de conciencia de personal m\u00e9dico y de enfermer\u00eda en la Ley General de Salud\u2028<\/p>\n<p>  <!--more-->  <\/p>\n<p>\u00a0<br \/>Dentro de los m\u00faltiples desatinos del presente a\u00f1o cometidos por el Senado, destaca la aprobaci\u00f3n de la ley sobre la objeci\u00f3n de conciencia. La votaci\u00f3n se llev\u00f3 a cabo en marzo de 2018. Con 53 votos a favor, 15 en contra y una abstenci\u00f3n, se agreg\u00f3 un art\u00edculo a la ley General de Salud que aprueba la objeci\u00f3n de conciencia, iniciativa que permite al personal m\u00e9dico y de enfermer\u00eda negarse a ofrecer servicios que atenten en contra de sus valores \u00e9ticos y morales. Ejemplos sobresalientes ser\u00edan aborto y eutanasia. Tras platicar con pacientes, eticistas y colegas m\u00e9dicos, abundo en el tema.<br \/>En abril, el Congreso de la Uni\u00f3n aprob\u00f3 la inclusi\u00f3n de la objeci\u00f3n de conciencia de personal m\u00e9dico y de enfermer\u00eda en la Ley General de Salud. Un mes despu\u00e9s, Enrique Pe\u00f1a Nieto firm\u00f3 el decreto. Como resultado se agreg\u00f3 el art\u00edculo 10 Bis. Copio: Art\u00edculo 10 Bis.\u2014 El personal m\u00e9dico y de enfermer\u00eda que forme parte del Sistema Nacional de Salud podr\u00e1 ejercer la objeci\u00f3n de conciencia y excusarse de participar en la presentaci\u00f3n de servicios que establece esta Ley, y\/o cooperar en programas, actividades, pr\u00e1cticas, tratamientos o m\u00e9todos que contradigan sus valores o principios \u00e9ticos. Cuando se ponga en riesgo la vida del paciente o se trate de una urgencia m\u00e9dica, no podr\u00e1 invocarse la objeci\u00f3n de conciencia. En caso contrario se incurrir\u00e1 en la causal de responsabilidad profesional.<br \/>Dif\u00edcil entender lo que dice y no dice el art\u00edculo. Aunque es evidente que el blanco principal de la nueva Ley son las mujeres \u2014derecho a abortar, distribuci\u00f3n en hospitales gubernamentales de la p\u00edldora del d\u00eda siguiente y de anticonceptivos\u2014, lo es tambi\u00e9n el derecho a solicitar una muerte m\u00e9dicamente asistida. Rubros no menores de la ley, discriminatoria y vejatoria, son algunos eventos m\u00e9dicos cotidianos: \u00bftendr\u00e1 derecho el personal objetor de conciencia de no tratar a enfermos homosexuales?; \u00bfpodr\u00e1n los cirujanos no operar a personas transg\u00e9nero que padezcan una urgencia quir\u00fargica?; \u00bfser\u00e1 v\u00e1lido no ofrecer consultas a personas tatuadas?; \u00bfqu\u00e9 suceder\u00e1 con una mujer que llega en estado de choque por un aborto practicado en forma clandestina si se le niega atenci\u00f3n m\u00e9dica: se sancionar\u00e1 al m\u00e9dico por incurrir, como dice el art\u00edculo, en la causal de responsabilidad profesional? Imposible soslayar el n\u00famero de mujeres ind\u00edgenas que han sido encarceladas en Guanajuato por practicarse abortos tras ser denunciadas por personal m\u00e9dico, independientemente de que en ocasiones el aborto haya ocurrido por causas naturales.<br \/>Los se\u00f1alamientos previos abren un panorama in\u00e9dito en la medicina mexicana. La Secretar\u00eda de Salud deber\u00eda pronunciarse al respecto como ya lo ha hecho la Comisi\u00f3n Nacional de Derechos Humanos; que en junio impugn\u00f3 ante la Suprema Corte de Justicia de la Naci\u00f3n las Leyes Generales en Materia de Publicidad Oficial y Objeci\u00f3n de Conciencia del Sector Salud, ya que vulneran los Derechos Humanos. <br \/>Resumo el quid de la impugnaci\u00f3n, &#8220;(los t\u00e9rminos en que fue publicada la adici\u00f3n del art\u00edculo 10 Bis) \u2026abre la posibilidad de que se afecten derechos fundamentales como la salud, integridad personal, seguridad jur\u00eddica, a la vida, libertades sexuales y reproductivas, derecho a decidir de manera libre, responsable e informada sobre el n\u00famero y el esparcimiento de los hijos y derecho al libre desarrollo de la personalidad&#8221;. El listado de la CNDH contiene la friolera de ocho incisos. A la SCJN le compete derogar la ley. A los senadores repensar sus votos, o replantearse si es correcto votar sin conocer, Espero que la raz\u00f3n prevalezca; aguardemos la decisi\u00f3n de la SCJN. <br \/>El art\u00edculo 10 Bis exige tomar posiciones. Los usuarios de los servicios de salud, no s\u00f3lo gubernamental sino privada, deber\u00edan conminar al m\u00e9dico para que declare ante los enfermos, por medio de una carta, si es o no objetor de conciencia y, en el caso de serlo, &#8220;qu\u00e9 tanto lo es&#8221; \u2014en otra ocasi\u00f3n plante\u00e9 la necesidad de que los galenos declaren si tienen convenios econ\u00f3micos con hospitales, laboratorios cl\u00ednicos, gabinetes de rayos X o apoyos econ\u00f3micos de compa\u00f1\u00edas farmac\u00e9uticas, o bien, si poseen o son codue\u00f1os de laboratorios cl\u00ednicos.<br \/>La Ley de Objeci\u00f3n de Conciencia subraya el peso, la importancia y el poder de grupos conservadores sobre el Senado y las inclinaciones de \u00e9ste. En 2018 hemos regresado al medioevo. Es kafkiano que los senadores doten al personal m\u00e9dico de poderes que no le corresponden y atenten contra la independencia de la poblaci\u00f3n, sobre todo de las mujeres. \u00bfQu\u00e9 sigue se\u00f1ores senadores? <\/p>\n","protected":false},"excerpt":{"rendered":"<p>\u00a0\u00a0\u00a0 \u2022\u00a0\u00a0 \u00a0En abril, el Congreso de la Uni\u00f3n aprob\u00f3 la inclusi\u00f3n de la objeci\u00f3n de conciencia de personal m\u00e9dico y de enfermer\u00eda en la Ley General de Salud\u2028<\/p>\n","protected":false},"author":93,"featured_media":0,"comment_status":"open","ping_status":"open","sticky":false,"template":"","format":"standard","meta":{"footnotes":""},"categories":[42],"tags":[],"class_list":["post-69411","post","type-post","status-publish","format-standard","hentry","category-nuestrapalabra"],"_links":{"self":[{"href":"https:\/\/plazajuarez.mx\/historico\/wp-json\/wp\/v2\/posts\/69411","targetHints":{"allow":["GET"]}}],"collection":[{"href":"https:\/\/plazajuarez.mx\/historico\/wp-json\/wp\/v2\/posts"}],"about":[{"href":"https:\/\/plazajuarez.mx\/historico\/wp-json\/wp\/v2\/types\/post"}],"author":[{"embeddable":true,"href":"https:\/\/plazajuarez.mx\/historico\/wp-json\/wp\/v2\/users\/93"}],"replies":[{"embeddable":true,"href":"https:\/\/plazajuarez.mx\/historico\/wp-json\/wp\/v2\/comments?post=69411"}],"version-history":[{"count":0,"href":"https:\/\/plazajuarez.mx\/historico\/wp-json\/wp\/v2\/posts\/69411\/revisions"}],"wp:attachment":[{"href":"https:\/\/plazajuarez.mx\/historico\/wp-json\/wp\/v2\/media?parent=69411"}],"wp:term":[{"taxonomy":"category","embeddable":true,"href":"https:\/\/plazajuarez.mx\/historico\/wp-json\/wp\/v2\/categories?post=69411"},{"taxonomy":"post_tag","embeddable":true,"href":"https:\/\/plazajuarez.mx\/historico\/wp-json\/wp\/v2\/tags?post=69411"}],"curies":[{"name":"wp","href":"https:\/\/api.w.org\/{rel}","templated":true}]}}