{"id":69409,"date":"2018-08-27T04:02:15","date_gmt":"2018-08-27T04:02:15","guid":{"rendered":"http:\/\/plazajuarez.mx\/index\/index.php\/2018\/08\/27\/nobel-de-la-paz-aplaude-dialogos-por-la-paz-y-justicia-en-mexico\/"},"modified":"2018-08-27T04:02:15","modified_gmt":"2018-08-27T04:02:15","slug":"nobel-de-la-paz-aplaude-dialogos-por-la-paz-y-justicia-en-mexico","status":"publish","type":"post","link":"https:\/\/plazajuarez.mx\/historico\/nobel-de-la-paz-aplaude-dialogos-por-la-paz-y-justicia-en-mexico\/","title":{"rendered":"Nobel de la Paz aplaude di\u00e1logos por la paz y justicia en M\u00e9xico"},"content":{"rendered":"<p>El ex presidente de Costa Rica asever\u00f3 que, de manera lamentable, los pa\u00edses m\u00e1s violentos est\u00e1n en Am\u00e9rica Latina<\/p>\n<p>  <!--more-->  <\/p>\n<p>El premio Nobel de la Paz, Oscar Arias S\u00e1nchez, consider\u00f3 que los foros de di\u00e1logo para La Paz, propuestos por el presidente electo Andr\u00e9s Manuel L\u00f3pez Obrador, son una opci\u00f3n para que M\u00e9xico de vuelta a la p\u00e1gina de la violencia.<br \/>En el marco de la Feria Universitaria del Libro (FUL), de la Universidad Aut\u00f3noma del Estado de Hidalgo, se\u00f1al\u00f3 que &#8220;es la mejor manera, conversando se entiende la gente eso lo prob\u00f3 Israel con el presidente egipcio, eso lo probaron los noruegos cuando llevaron a Yasir Arafat con Sim\u00f3n P\u00e9rez, eso lo probamos los centroamericanos cuando yo los reun\u00ed en ciudad de Guatemala&#8221;.<br \/>Consider\u00f3 que igualmente sin son conflictos internos es a trav\u00e9s del di\u00e1logo como se tiene que aprender a resolver los problemas.<br \/>El ex presidente de Costa Rica asever\u00f3 que, de manera lamentable, los pa\u00edses m\u00e1s violentos est\u00e1n en Am\u00e9rica Latina, donde el tri\u00e1ngulo de Guatemala, El Salvador y Honduras integran las naciones m\u00e1s violentas del mundo con m\u00e1s asesinatos por cada 100 mil habitantes.<br \/>Dijo que Venezuela tiene lo mismo que M\u00e9xico, ciudades sumamente violentas, pero como &#8220;gente civilizada las diferencias se puedan resolver en mesas de negociaci\u00f3n que fue en lo que yo insist\u00ed hacer 31 a\u00f1os, cuando est\u00e1bamos en guerra los centroamericanos. Tanto la Uni\u00f3n Sovi\u00e9tica como Estados Unidos quer\u00edan victorias militares de las partes que cada uno apoyaba y yo insist\u00eda en que no, que habr\u00eda que sentarse en una negociaci\u00f3n&#8221;, destac\u00f3.<br \/>Indic\u00f3 que abriga esperanza de que se pueda superar toda esta violencia.<br \/>Oscar Arias, resalt\u00f3 que ya se prob\u00f3 en un tiempo enfrentar el poder\u00edo militar de los c\u00e1rteles de la droga con el Ej\u00e9rcito, &#8220;yo respeto esas decisiones, no me voy a poner a opinar si fueron las decisiones acertadas o no, pero si es hora de que se pase la p\u00e1gina de la violencia&#8221;, se\u00f1al\u00f3.<\/p>\n","protected":false},"excerpt":{"rendered":"<p>El ex presidente de Costa Rica asever\u00f3 que, de manera lamentable, los pa\u00edses m\u00e1s violentos est\u00e1n en Am\u00e9rica Latina<\/p>\n","protected":false},"author":93,"featured_media":0,"comment_status":"open","ping_status":"open","sticky":false,"template":"","format":"standard","meta":{"footnotes":""},"categories":[41],"tags":[],"class_list":["post-69409","post","type-post","status-publish","format-standard","hentry","category-arteria-cultural"],"_links":{"self":[{"href":"https:\/\/plazajuarez.mx\/historico\/wp-json\/wp\/v2\/posts\/69409","targetHints":{"allow":["GET"]}}],"collection":[{"href":"https:\/\/plazajuarez.mx\/historico\/wp-json\/wp\/v2\/posts"}],"about":[{"href":"https:\/\/plazajuarez.mx\/historico\/wp-json\/wp\/v2\/types\/post"}],"author":[{"embeddable":true,"href":"https:\/\/plazajuarez.mx\/historico\/wp-json\/wp\/v2\/users\/93"}],"replies":[{"embeddable":true,"href":"https:\/\/plazajuarez.mx\/historico\/wp-json\/wp\/v2\/comments?post=69409"}],"version-history":[{"count":0,"href":"https:\/\/plazajuarez.mx\/historico\/wp-json\/wp\/v2\/posts\/69409\/revisions"}],"wp:attachment":[{"href":"https:\/\/plazajuarez.mx\/historico\/wp-json\/wp\/v2\/media?parent=69409"}],"wp:term":[{"taxonomy":"category","embeddable":true,"href":"https:\/\/plazajuarez.mx\/historico\/wp-json\/wp\/v2\/categories?post=69409"},{"taxonomy":"post_tag","embeddable":true,"href":"https:\/\/plazajuarez.mx\/historico\/wp-json\/wp\/v2\/tags?post=69409"}],"curies":[{"name":"wp","href":"https:\/\/api.w.org\/{rel}","templated":true}]}}