{"id":69404,"date":"2018-08-27T04:00:53","date_gmt":"2018-08-27T04:00:53","guid":{"rendered":"http:\/\/plazajuarez.mx\/index\/index.php\/2018\/08\/27\/cecilia-y-fabiana-se-suben-al-cuarto-piso\/"},"modified":"2018-08-27T04:00:53","modified_gmt":"2018-08-27T04:00:53","slug":"cecilia-y-fabiana-se-suben-al-cuarto-piso","status":"publish","type":"post","link":"https:\/\/plazajuarez.mx\/historico\/cecilia-y-fabiana-se-suben-al-cuarto-piso\/","title":{"rendered":"Cecilia y Fabiana se suben al cuarto piso"},"content":{"rendered":"<p>Cecilia Su\u00e1rez, Ludwika Paleta, Marina de Tavira y Fabiana Perzabal abordar\u00e1n el tema de lo que les pasa a las mujeres de la cuarta d\u00e9cada.<\/p>\n<p>  <!--more-->  <\/p>\n<p>La serie para Televisa y llamada tentativamente Mamis, es dirigida por Katina Medina (Sabr\u00e1s qu\u00e9 hacer conmigo) para arrancar transmisiones en enero pr\u00f3ximo.<br \/>&#8220;Habla de mujeres en los 40 a\u00f1os y los cambios que pueden tener, de c\u00f3mo la mujer ahora de esa edad est\u00e1 en plena florescencia&#8221;, indica Perzabal.<br \/>La actriz en De Mesmer con amor o t\u00e9 para dos e Historias del desencanto, se\u00f1ala que es una producci\u00f3n que escarba en los sentimientos.<br \/>&#8220;Ya la empezamos a hacer y en diciembre retomamos&#8221;, indica Perzabal.<br \/>En paralelo, tambi\u00e9n para la empresa de Emilio Azc\u00e1rraga, espera lanzamiento de Sin miedo a la verdad, producida por Rub\u00e9n Galindo.<br \/>El proyecto habla de cosas fuertes que pasan en la capital, expresa la actriz.<br \/>Homenaje a P\u00e9rez Prado. Esta semana estrena en el Centro Nacional de las Artes la puesta en escena El rey del mambo, sobre la vida de D\u00e1maso P\u00e9rez Prado.<br \/>El m\u00fasico apodado &#8220;El Cara de Foca&#8221; fue creador de composiciones como &#8220;Mambo n\u00famero cinco&#8221; y &#8220;El ruletero&#8221;.<br \/>Gerardo Trejoluna (Hidalgo, la historia jam\u00e1s contada) interpretar\u00e1 al cubano, mientras que Perzabal, ser\u00e1 periodista.<br \/>&#8220;Investiga qu\u00e9 es el mambo, le suena raro, porque ama al swing&#8221;, dice.<\/p>\n","protected":false},"excerpt":{"rendered":"<p>Cecilia Su\u00e1rez, Ludwika Paleta, Marina de Tavira y Fabiana Perzabal abordar\u00e1n el tema de lo que les pasa a las mujeres de la cuarta d\u00e9cada.<\/p>\n","protected":false},"author":93,"featured_media":0,"comment_status":"open","ping_status":"open","sticky":false,"template":"","format":"standard","meta":{"footnotes":""},"categories":[38],"tags":[],"class_list":["post-69404","post","type-post","status-publish","format-standard","hentry","category-show"],"_links":{"self":[{"href":"https:\/\/plazajuarez.mx\/historico\/wp-json\/wp\/v2\/posts\/69404","targetHints":{"allow":["GET"]}}],"collection":[{"href":"https:\/\/plazajuarez.mx\/historico\/wp-json\/wp\/v2\/posts"}],"about":[{"href":"https:\/\/plazajuarez.mx\/historico\/wp-json\/wp\/v2\/types\/post"}],"author":[{"embeddable":true,"href":"https:\/\/plazajuarez.mx\/historico\/wp-json\/wp\/v2\/users\/93"}],"replies":[{"embeddable":true,"href":"https:\/\/plazajuarez.mx\/historico\/wp-json\/wp\/v2\/comments?post=69404"}],"version-history":[{"count":0,"href":"https:\/\/plazajuarez.mx\/historico\/wp-json\/wp\/v2\/posts\/69404\/revisions"}],"wp:attachment":[{"href":"https:\/\/plazajuarez.mx\/historico\/wp-json\/wp\/v2\/media?parent=69404"}],"wp:term":[{"taxonomy":"category","embeddable":true,"href":"https:\/\/plazajuarez.mx\/historico\/wp-json\/wp\/v2\/categories?post=69404"},{"taxonomy":"post_tag","embeddable":true,"href":"https:\/\/plazajuarez.mx\/historico\/wp-json\/wp\/v2\/tags?post=69404"}],"curies":[{"name":"wp","href":"https:\/\/api.w.org\/{rel}","templated":true}]}}